{"id":23245,"date":"2025-08-22T18:30:33","date_gmt":"2025-08-22T22:30:33","guid":{"rendered":"https:\/\/prensapresidencialvenezuela.gob.ve\/?p=23245"},"modified":"2025-08-22T18:30:33","modified_gmt":"2025-08-22T22:30:33","slug":"un-llamado-a-la-unidad-y-a-la-paz-realizo-la-asamblea-nacional-en-apoyo-al-presidente-nicolas-maduro","status":"publish","type":"post","link":"https:\/\/prensapresidencialvenezuela.gob.ve\/index.php\/2025\/08\/22\/un-llamado-a-la-unidad-y-a-la-paz-realizo-la-asamblea-nacional-en-apoyo-al-presidente-nicolas-maduro\/","title":{"rendered":"Un llamado a la unidad y a la paz realiz\u00f3 la Asamblea Nacional en apoyo al Presidente Nicol\u00e1s Maduro"},"content":{"rendered":"\n<p><strong>Palacio Federal Legislativo, Caracas.-<\/strong> El presidente del Poder Legistativo Nacional, Jorge Rodr\u00edguez, desde el Palacio Federal Legislativo de Caracas y acompa\u00f1ado por representantes de los sectores pol\u00edtico, social, econ\u00f3mico y cultural de Venezuela, ley\u00f3 este viernes un manifiesto en apoyo al presidente de la Rep\u00fablica Bolivariana de Venezuela, Nicol\u00e1s Maduro, en defensa de la soberan\u00eda y la paz de la naci\u00f3n, as\u00ed como de Am\u00e9rica Latina y del Caribe como un territorio de paz.<\/p>\n\n\n\n<p>\u00abHoy no es un d\u00eda para parcializaciones pol\u00edticas, hoy es un d\u00eda para una sola acci\u00f3n, hoy es un d\u00eda para defender a la patria venezolana (&#8230;) M\u00e1s all\u00e1 de nuestras particularidades, todos somos venezolanos y venezolanas\u00bb, afirm\u00f3&nbsp; Rodr\u00edguez, al inicio del acto, encabezado por el Ejecutivo Nacional.<\/p>\n\n\n\n<p>El manifiesto subraya el rechazo a las recientes narrativas fabricadas contra la soberan\u00eda de Venezuela, las cuales se basan en acusaciones sin evidencias e informes ama\u00f1ados que buscan justificar el uso de la fuerza.<\/p>\n\n\n\n<p>Asimismo, el texto hace un llamado a la unidad del pueblo venezolano para enfrentar la amenaza a la estabilidad y la paz de la naci\u00f3n, por parte de actores internos y externos que pretenden detener el avance de la Revoluci\u00f3n Bolivariana.<\/p>\n\n\n\n<p><\/p>\n\n\n\n<figure class=\"wp-block-image size-large\"><img fetchpriority=\"high\" decoding=\"async\" width=\"1024\" height=\"682\" src=\"https:\/\/prensapresidencialvenezuela.gob.ve\/wp-content\/uploads\/2025\/08\/photo_4992425863127609291_y-1024x682.jpg\" alt=\"\" class=\"wp-image-23231\" srcset=\"https:\/\/prensapresidencialvenezuela.gob.ve\/wp-content\/uploads\/2025\/08\/photo_4992425863127609291_y-1024x682.jpg 1024w, https:\/\/prensapresidencialvenezuela.gob.ve\/wp-content\/uploads\/2025\/08\/photo_4992425863127609291_y-300x200.jpg 300w, https:\/\/prensapresidencialvenezuela.gob.ve\/wp-content\/uploads\/2025\/08\/photo_4992425863127609291_y-768x512.jpg 768w, https:\/\/prensapresidencialvenezuela.gob.ve\/wp-content\/uploads\/2025\/08\/photo_4992425863127609291_y.jpg 1280w\" sizes=\"(max-width: 1024px) 100vw, 1024px\" \/><\/figure>\n\n\n\n<p>El documento tambi\u00e9n destaca los siguientes puntos:<\/p>\n\n\n\n<ul class=\"wp-block-list\">\n<li>Rechazo a la injerencia extranjera: Se denuncia el uso de operaciones psicol\u00f3gicas y medi\u00e1ticas que buscan minar el bienestar del pueblo y despertar el demonio del fascismo y la violencia.<\/li>\n<\/ul>\n\n\n\n<ul class=\"wp-block-list\">\n<li>Compromiso con la paz y la autodeterminaci\u00f3n: El manifiesto reafirma la voluntad de Venezuela de resolver los conflictos de manera pac\u00edfica y de proteger su soberan\u00eda e independencia, en concordancia con los principios del derecho internacional.<\/li>\n<\/ul>\n\n\n\n<ul class=\"wp-block-list\">\n<li>Apoyo al presidente Nicol\u00e1s Maduro: Se repudian las acciones hostiles, amenazas y planes terroristas que intentan vulnerar el mandato de jefe de Estado para el per\u00edodo 2025-2030.<\/li>\n<\/ul>\n\n\n\n<ul class=\"wp-block-list\">\n<li>Defensa de la regi\u00f3n como territorio de paz: El texto se\u00f1ala que las agresiones contra Venezuela tambi\u00e9n afectan la estabilidad de toda la regi\u00f3n, y reitera el compromiso hist\u00f3rico de Am\u00e9rica Latina y el Caribe con la soberan\u00eda y la seguridad de sus pueblos.<\/li>\n<\/ul>\n\n\n\n<p>Rodr\u00edguez aprovech\u00f3 la oportunidad para hacer un llamado a la unidad y a la consolidaci\u00f3n de la \u00abpaz por ser el destino m\u00e1s precioso del mundo\u00bb y porque es \u00ablo que se merece nuestra gente, nuestras mujeres, nuestros hombres, pero sobre todo las naciones bolivarianas\u00bb, dijo con profundo orgullo.<\/p>\n\n\n\n<p><strong>Prensa Presidencial\/ Iliana Rosales<\/strong><\/p>\n\n\n\n<p><\/p>\n","protected":false},"excerpt":{"rendered":"<p>Palacio Federal Legislativo, Caracas.- El presidente del Poder Legistativo Nacional, Jorge Rodr\u00edguez, desde el Palacio Federal Legislativo de Caracas y acompa\u00f1ado por representantes de los sectores pol\u00edtico, social, econ\u00f3mico y cultural de Venezuela, ley\u00f3 este viernes un manifiesto en apoyo al presidente de la Rep\u00fablica Bolivariana de Venezuela, Nicol\u00e1s Maduro, en defensa de la soberan\u00eda [&hellip;]<\/p>\n","protected":false},"author":1,"featured_media":23249,"comment_status":"open","ping_status":"open","sticky":false,"template":"","format":"standard","meta":{"footnotes":""},"categories":[18,7],"tags":[92,19,557,27,20],"class_list":["post-23245","post","type-post","status-publish","format-standard","has-post-thumbnail","hentry","category-noticias-principales","category-notas-de-prensa","tag-an","tag-nicolas-maduro","tag-paz","tag-revolucion-bolivariana","tag-venezuela"],"_links":{"self":[{"href":"https:\/\/prensapresidencialvenezuela.gob.ve\/index.php\/wp-json\/wp\/v2\/posts\/23245","targetHints":{"allow":["GET"]}}],"collection":[{"href":"https:\/\/prensapresidencialvenezuela.gob.ve\/index.php\/wp-json\/wp\/v2\/posts"}],"about":[{"href":"https:\/\/prensapresidencialvenezuela.gob.ve\/index.php\/wp-json\/wp\/v2\/types\/post"}],"author":[{"embeddable":true,"href":"https:\/\/prensapresidencialvenezuela.gob.ve\/index.php\/wp-json\/wp\/v2\/users\/1"}],"replies":[{"embeddable":true,"href":"https:\/\/prensapresidencialvenezuela.gob.ve\/index.php\/wp-json\/wp\/v2\/comments?post=23245"}],"version-history":[{"count":1,"href":"https:\/\/prensapresidencialvenezuela.gob.ve\/index.php\/wp-json\/wp\/v2\/posts\/23245\/revisions"}],"predecessor-version":[{"id":23246,"href":"https:\/\/prensapresidencialvenezuela.gob.ve\/index.php\/wp-json\/wp\/v2\/posts\/23245\/revisions\/23246"}],"wp:featuredmedia":[{"embeddable":true,"href":"https:\/\/prensapresidencialvenezuela.gob.ve\/index.php\/wp-json\/wp\/v2\/media\/23249"}],"wp:attachment":[{"href":"https:\/\/prensapresidencialvenezuela.gob.ve\/index.php\/wp-json\/wp\/v2\/media?parent=23245"}],"wp:term":[{"taxonomy":"category","embeddable":true,"href":"https:\/\/prensapresidencialvenezuela.gob.ve\/index.php\/wp-json\/wp\/v2\/categories?post=23245"},{"taxonomy":"post_tag","embeddable":true,"href":"https:\/\/prensapresidencialvenezuela.gob.ve\/index.php\/wp-json\/wp\/v2\/tags?post=23245"}],"curies":[{"name":"wp","href":"https:\/\/api.w.org\/{rel}","templated":true}]}}