{"id":23256,"date":"2025-08-22T18:51:11","date_gmt":"2025-08-22T22:51:11","guid":{"rendered":"https:\/\/prensapresidencialvenezuela.gob.ve\/?p=23256"},"modified":"2025-08-22T18:51:12","modified_gmt":"2025-08-22T22:51:12","slug":"expo-simon-recorrera-los-paises-de-la-alba-tcp-para-enaltecer-la-gloriosa-historia-del-libertador","status":"publish","type":"post","link":"https:\/\/prensapresidencialvenezuela.gob.ve\/index.php\/2025\/08\/22\/expo-simon-recorrera-los-paises-de-la-alba-tcp-para-enaltecer-la-gloriosa-historia-del-libertador\/","title":{"rendered":"Expo Sim\u00f3n recorrer\u00e1 los pa\u00edses de la ALBA-TCP para enaltecer la gloriosa historia del Libertador"},"content":{"rendered":"\n<p><strong>Palacio Federal Legislativo, Caracas. &#8211;<\/strong> El presidente de la Rep\u00fablica Bolivariana de Venezuela, Nicol\u00e1s Maduro Moros, anunci\u00f3 que la \u00abExpo Sim\u00f3n de Ni\u00f1o a Libertador\u00bb, recorrer\u00e1 los pa\u00edses que conforman la Alianza Bolivariana para los Pueblos de Nuestra Am\u00e9rica &#8211; Tratado de Comercio de los Pueblos o ALBA-TCP y Colombia, con el objetivo de enaltecer la gloriosa historia que forj\u00f3 el Libertador Sim\u00f3n Bol\u00edvar para consolidar la libertad.<\/p>\n\n\n\n<p>La \u00abExpo Sim\u00f3n de Ni\u00f1o a Libertador\u00bb, ha contado con la visita de casi 500 mil personas en la ciudad de Caracas y al culminar su per\u00edodo de exhibici\u00f3n en el Centro de Convenciones Parque Bol\u00edvar, en la Base A\u00e9rea La Carlota, estar\u00e1 transitando por todo el territorio nacional, seguidamente por Cuba, Bolivia, Nicaragua, Dominica, Antigua y Barbuda, San Vicente y las Granadinas, Granada, San Crist\u00f3bal y Nieves, y Santa Luc\u00eda.<\/p>\n\n\n\n<p>En este contexto, el Jefe de Estado ha resaltado que Venezuela es un pa\u00eds democr\u00e1tico, pac\u00edfico, independiente y libre de cualquier potencia imperialista, ayer, hoy y siempre, tal como lo dejaron los gigantes de la patria, como el Libertador Sim\u00f3n Bol\u00edvar. Al mismo tiempo, precis\u00f3 que con la libertad de Suram\u00e9rica se consolid\u00f3 el proceso hist\u00f3rico de emancipaci\u00f3n y rebeli\u00f3n contra el Imperio espa\u00f1ol.<\/p>\n\n\n\n<p>El escenario de este anuncio fue la celebraci\u00f3n de la reuni\u00f3n de la Junta Directiva de la Asamblea Nacional, junto a las autoridades del Alto Gobierno, &nbsp;en defensa de los sagrados derechos a la autodeterminaci\u00f3n, el ejercicio pleno de la soberan\u00eda y el disfrute de la paz, que se ha conquistado con el transcurrir de los a\u00f1os.<\/p>\n\n\n\n<p><\/p>\n\n\n\n<figure class=\"wp-block-image size-large\"><img fetchpriority=\"high\" decoding=\"async\" width=\"1024\" height=\"683\" src=\"https:\/\/prensapresidencialvenezuela.gob.ve\/wp-content\/uploads\/2025\/08\/06_0K1A1756_P-1024x683.jpg\" alt=\"\" class=\"wp-image-23250\" srcset=\"https:\/\/prensapresidencialvenezuela.gob.ve\/wp-content\/uploads\/2025\/08\/06_0K1A1756_P-1024x683.jpg 1024w, https:\/\/prensapresidencialvenezuela.gob.ve\/wp-content\/uploads\/2025\/08\/06_0K1A1756_P-300x200.jpg 300w, https:\/\/prensapresidencialvenezuela.gob.ve\/wp-content\/uploads\/2025\/08\/06_0K1A1756_P-768x512.jpg 768w, https:\/\/prensapresidencialvenezuela.gob.ve\/wp-content\/uploads\/2025\/08\/06_0K1A1756_P-1536x1024.jpg 1536w, https:\/\/prensapresidencialvenezuela.gob.ve\/wp-content\/uploads\/2025\/08\/06_0K1A1756_P-2048x1366.jpg 2048w\" sizes=\"(max-width: 1024px) 100vw, 1024px\" \/><\/figure>\n\n\n\n<p><strong>Una experiencia que no debe pasar por alto<\/strong><\/p>\n\n\n\n<p>El Presidente Nicol\u00e1s Maduro hizo un llamado al pueblo venezolano a visitar la Expo Sim\u00f3n para que sientan con m\u00e1s fuerza la admiraci\u00f3n por el Libertador de la patria. \u00abLo mismo que se siente en la Expo, lo siento aqu\u00ed, la presencia inmortal de la historia gloriosa de nuestra patria, Venezuela. Vaya, qu\u00e9 historia, qu\u00e9 riqueza tan grande. Nuestra riqueza es m\u00e1s que el petr\u00f3leo, el hierro, el oro, el gas; nuestra riqueza es moral, espiritual y \u00e9tica. Y aqu\u00ed est\u00e1 el poder de esa riqueza espiritual, los libertadores y libertadoras\u00bb, manifest\u00f3 el Mandatario nacional emotivamente.<\/p>\n\n\n\n<p>Durante el acto de Defensa de la Soberan\u00eda y la Paz de Venezuela, Am\u00e9rica Latina y el Caribe, territorios de paz, el Comandante en Jefe de la Fuerza Armada Nacional Bolivariana (FANB), tambi\u00e9n expres\u00f3 su orgullo por el cuerpo castrense de la Revoluci\u00f3n, el cual destac\u00f3 como la poderosa y valiente Fuerza Armada, militares de la patria que siempre est\u00e1n al frente de las batallas y las victorias presentes y futuras.<\/p>\n\n\n\n<p><strong>Prensa Presidencial\/ Irmary D\u00edaz<\/strong><\/p>\n\n\n\n<p><\/p>\n","protected":false},"excerpt":{"rendered":"<p>Palacio Federal Legislativo, Caracas. &#8211; El presidente de la Rep\u00fablica Bolivariana de Venezuela, Nicol\u00e1s Maduro Moros, anunci\u00f3 que la \u00abExpo Sim\u00f3n de Ni\u00f1o a Libertador\u00bb, recorrer\u00e1 los pa\u00edses que conforman la Alianza Bolivariana para los Pueblos de Nuestra Am\u00e9rica &#8211; Tratado de Comercio de los Pueblos o ALBA-TCP y Colombia, con el objetivo de enaltecer [&hellip;]<\/p>\n","protected":false},"author":1,"featured_media":23253,"comment_status":"open","ping_status":"open","sticky":false,"template":"","format":"standard","meta":{"footnotes":""},"categories":[18,7],"tags":[179,92,1784,19,557,27,20],"class_list":["post-23256","post","type-post","status-publish","format-standard","has-post-thumbnail","hentry","category-noticias-principales","category-notas-de-prensa","tag-alba-tcp","tag-an","tag-expo-simon-bolivar","tag-nicolas-maduro","tag-paz","tag-revolucion-bolivariana","tag-venezuela"],"_links":{"self":[{"href":"https:\/\/prensapresidencialvenezuela.gob.ve\/index.php\/wp-json\/wp\/v2\/posts\/23256","targetHints":{"allow":["GET"]}}],"collection":[{"href":"https:\/\/prensapresidencialvenezuela.gob.ve\/index.php\/wp-json\/wp\/v2\/posts"}],"about":[{"href":"https:\/\/prensapresidencialvenezuela.gob.ve\/index.php\/wp-json\/wp\/v2\/types\/post"}],"author":[{"embeddable":true,"href":"https:\/\/prensapresidencialvenezuela.gob.ve\/index.php\/wp-json\/wp\/v2\/users\/1"}],"replies":[{"embeddable":true,"href":"https:\/\/prensapresidencialvenezuela.gob.ve\/index.php\/wp-json\/wp\/v2\/comments?post=23256"}],"version-history":[{"count":2,"href":"https:\/\/prensapresidencialvenezuela.gob.ve\/index.php\/wp-json\/wp\/v2\/posts\/23256\/revisions"}],"predecessor-version":[{"id":23259,"href":"https:\/\/prensapresidencialvenezuela.gob.ve\/index.php\/wp-json\/wp\/v2\/posts\/23256\/revisions\/23259"}],"wp:featuredmedia":[{"embeddable":true,"href":"https:\/\/prensapresidencialvenezuela.gob.ve\/index.php\/wp-json\/wp\/v2\/media\/23253"}],"wp:attachment":[{"href":"https:\/\/prensapresidencialvenezuela.gob.ve\/index.php\/wp-json\/wp\/v2\/media?parent=23256"}],"wp:term":[{"taxonomy":"category","embeddable":true,"href":"https:\/\/prensapresidencialvenezuela.gob.ve\/index.php\/wp-json\/wp\/v2\/categories?post=23256"},{"taxonomy":"post_tag","embeddable":true,"href":"https:\/\/prensapresidencialvenezuela.gob.ve\/index.php\/wp-json\/wp\/v2\/tags?post=23256"}],"curies":[{"name":"wp","href":"https:\/\/api.w.org\/{rel}","templated":true}]}}