{"id":2326,"date":"2022-06-10T16:20:00","date_gmt":"2022-06-10T16:20:00","guid":{"rendered":"http:\/\/172.27.0.121\/?p=2326"},"modified":"2022-07-13T16:20:57","modified_gmt":"2022-07-13T16:20:57","slug":"presidente-maduro-hay-un-mundo-mas-alla-de-la-arrogancia-de-washington","status":"publish","type":"post","link":"https:\/\/prensapresidencialvenezuela.gob.ve\/index.php\/2022\/06\/10\/presidente-maduro-hay-un-mundo-mas-alla-de-la-arrogancia-de-washington\/","title":{"rendered":"Presidente Maduro: Hay un mundo m\u00e1s all\u00e1 de la arrogancia de Washington"},"content":{"rendered":"\n<p><strong>Palacio de Miraflores, Caracas.- <\/strong>\u201cEl mundo es mucho m\u00e1s grande que la prepotencia de Washington\u201d, asever\u00f3 el presidente de la Rep\u00fablica, Nicol\u00e1s Maduro, al destacar el nacimiento de un nuevo mundo basado el respeto a la autodeterminaci\u00f3n de los pueblos.<\/p>\n\n\n\n<p>A prop\u00f3sito de la Cumbre de los Pueblos que se realiza del 6 al 10 de junio en Los \u00c1ngeles, ubicado en Estados Unidos, se\u00f1al\u00f3 que la arrogancia de Washington es una expresi\u00f3n de la decadencia de un imperio \u201cque se quiere comportar como si fuera hegem\u00f3nico y dominante del mundo\u201d.<\/p>\n\n\n\n<p>\u201cEse tiempo debe ser cancelado. Los pueblos vamos eligiendo nuestro propio camino en la diversidad de la creaci\u00f3n, de las luchas de los movimientos populares\u201d, enfatiz\u00f3.<\/p>\n\n\n\n<p>Ante la exclusi\u00f3n por razones ideol\u00f3gicas de Cuba, Nicaragua y Venezuela de la IX Cumbre de las Am\u00e9ricas, el Dignatario denunci\u00f3 la prohibici\u00f3n de las movilizaciones de las organizaciones sociales en las calles de Los \u00c1ngeles, acci\u00f3n que evidencia que \u201cle tienen miedo al colorido y la fuerza de nuestra voz\u201d.<\/p>\n\n\n\n<p>No obstante, subray\u00f3 que \u201cla voz de los pueblos rebeldes de Nuestra Am\u00e9rica, de Cuba, Nicaragua y Venezuela ha estado en las calles de Los \u00c1ngeles convertida en pinta de calles, con un meg\u00e1fono de una mujer reprimida, con las banderas, consignas y cantos\u201d.<\/p>\n\n\n\n<p><strong>Prensa Presidencial\/Karelis Gonz\u00e1lez<\/strong><\/p>\n","protected":false},"excerpt":{"rendered":"<p>Palacio de Miraflores, Caracas.- \u201cEl mundo es mucho m\u00e1s grande que la prepotencia de Washington\u201d, asever\u00f3 el presidente de la Rep\u00fablica, Nicol\u00e1s Maduro, al destacar el nacimiento de un nuevo mundo basado el respeto a la autodeterminaci\u00f3n de los pueblos. A prop\u00f3sito de la Cumbre de los Pueblos que se realiza del 6 al 10 [&hellip;]<\/p>\n","protected":false},"author":6,"featured_media":2327,"comment_status":"open","ping_status":"open","sticky":false,"template":"","format":"standard","meta":{"footnotes":""},"categories":[7],"tags":[],"class_list":["post-2326","post","type-post","status-publish","format-standard","has-post-thumbnail","hentry","category-notas-de-prensa"],"_links":{"self":[{"href":"https:\/\/prensapresidencialvenezuela.gob.ve\/index.php\/wp-json\/wp\/v2\/posts\/2326","targetHints":{"allow":["GET"]}}],"collection":[{"href":"https:\/\/prensapresidencialvenezuela.gob.ve\/index.php\/wp-json\/wp\/v2\/posts"}],"about":[{"href":"https:\/\/prensapresidencialvenezuela.gob.ve\/index.php\/wp-json\/wp\/v2\/types\/post"}],"author":[{"embeddable":true,"href":"https:\/\/prensapresidencialvenezuela.gob.ve\/index.php\/wp-json\/wp\/v2\/users\/6"}],"replies":[{"embeddable":true,"href":"https:\/\/prensapresidencialvenezuela.gob.ve\/index.php\/wp-json\/wp\/v2\/comments?post=2326"}],"version-history":[{"count":1,"href":"https:\/\/prensapresidencialvenezuela.gob.ve\/index.php\/wp-json\/wp\/v2\/posts\/2326\/revisions"}],"predecessor-version":[{"id":2328,"href":"https:\/\/prensapresidencialvenezuela.gob.ve\/index.php\/wp-json\/wp\/v2\/posts\/2326\/revisions\/2328"}],"wp:featuredmedia":[{"embeddable":true,"href":"https:\/\/prensapresidencialvenezuela.gob.ve\/index.php\/wp-json\/wp\/v2\/media\/2327"}],"wp:attachment":[{"href":"https:\/\/prensapresidencialvenezuela.gob.ve\/index.php\/wp-json\/wp\/v2\/media?parent=2326"}],"wp:term":[{"taxonomy":"category","embeddable":true,"href":"https:\/\/prensapresidencialvenezuela.gob.ve\/index.php\/wp-json\/wp\/v2\/categories?post=2326"},{"taxonomy":"post_tag","embeddable":true,"href":"https:\/\/prensapresidencialvenezuela.gob.ve\/index.php\/wp-json\/wp\/v2\/tags?post=2326"}],"curies":[{"name":"wp","href":"https:\/\/api.w.org\/{rel}","templated":true}]}}