{"id":23261,"date":"2025-08-22T20:32:56","date_gmt":"2025-08-23T00:32:56","guid":{"rendered":"https:\/\/prensapresidencialvenezuela.gob.ve\/?p=23261"},"modified":"2025-08-22T20:32:57","modified_gmt":"2025-08-23T00:32:57","slug":"80-anos-de-la-victoria-del-pueblo-chino-marco-la-defensa-de-un-modelo-determinante-e-inquebrantable","status":"publish","type":"post","link":"https:\/\/prensapresidencialvenezuela.gob.ve\/index.php\/2025\/08\/22\/80-anos-de-la-victoria-del-pueblo-chino-marco-la-defensa-de-un-modelo-determinante-e-inquebrantable\/","title":{"rendered":"80 a\u00f1os de la victoria del pueblo chino: Marc\u00f3 la defensa de un modelo determinante e inquebrantable"},"content":{"rendered":"\n<p><strong>Palacio Federal Legislativo, Caracas. \u2013 <\/strong>El presidente de la Rep\u00fablica Bolivariana de Venezuela, Nicol\u00e1s Maduro Moros, resalt\u00f3 que en los pr\u00f3ximos d\u00edas se estar\u00e1 celebrando el aniversario n\u00famero 80 de la victoria del pueblo chino contra la agresi\u00f3n japonesa, que marc\u00f3 un modelo que promueve como valores fundamentales la paz, el respeto y la solidaridad.<\/p>\n\n\n\n<p>Al mismo tiempo, el Mandatario venezolano subray\u00f3 que esto fue el inicio del camino y la gran marcha hacia la victoria y la fundaci\u00f3n de la Rep\u00fablica Popular China, un derecho que se transform\u00f3 en derecho p\u00fablico internacional.<\/p>\n\n\n\n<p>En este sentido, es importante mencionar que el hero\u00edsmo del pueblo chino en esa contienda librada, sell\u00f3 su primer triunfo de tantas agresiones externas, que 80 a\u00f1os despu\u00e9s, bajo la sabia y eficaz conducci\u00f3n del Partido Comunista, se erigi\u00f3 como un pa\u00eds de grandes fortalezas y determinaci\u00f3n inquebrantable en la defensa de un modelo socialista.<\/p>\n\n\n\n<p><\/p>\n\n\n\n<figure class=\"wp-block-image size-large\"><img fetchpriority=\"high\" decoding=\"async\" width=\"1024\" height=\"683\" src=\"https:\/\/prensapresidencialvenezuela.gob.ve\/wp-content\/uploads\/2025\/08\/08_0K1A1774_P-1024x683.jpg\" alt=\"\" class=\"wp-image-23264\" srcset=\"https:\/\/prensapresidencialvenezuela.gob.ve\/wp-content\/uploads\/2025\/08\/08_0K1A1774_P-1024x683.jpg 1024w, https:\/\/prensapresidencialvenezuela.gob.ve\/wp-content\/uploads\/2025\/08\/08_0K1A1774_P-300x200.jpg 300w, https:\/\/prensapresidencialvenezuela.gob.ve\/wp-content\/uploads\/2025\/08\/08_0K1A1774_P-768x512.jpg 768w, https:\/\/prensapresidencialvenezuela.gob.ve\/wp-content\/uploads\/2025\/08\/08_0K1A1774_P-1536x1024.jpg 1536w, https:\/\/prensapresidencialvenezuela.gob.ve\/wp-content\/uploads\/2025\/08\/08_0K1A1774_P-2048x1366.jpg 2048w\" sizes=\"(max-width: 1024px) 100vw, 1024px\" \/><\/figure>\n\n\n\n<p><strong>Carta de las Naciones Unidas<\/strong><\/p>\n\n\n\n<p>El Dignatario nacional, Nicol\u00e1s Maduro, se\u00f1al\u00f3 que pr\u00f3ximamente tambi\u00e9n se estar\u00e1 conmemorando los 80 a\u00f1os de la Carta de las Naciones Unidas, por lo que precis\u00f3 que \u00abesta fue hija de la victoria del Ej\u00e9rcito Rojo contra el fascismo, hija de la victoria de la humanidad contra el nazifascismo, porque esa victoria fue nuestra victoria (\u2026). Y as\u00ed surgi\u00f3 el derecho internacional que proh\u00edbe la amenaza del uso de la fuerza contra Estados soberanos\u00bb.<\/p>\n\n\n\n<p>Aunado a ello, el Presidente venezolano acot\u00f3 que lo que se hace todos los d\u00edas contra el pueblo del L\u00edbano, de Siria, de Ir\u00e1n, de Vietnam, de Irak y de Afganist\u00e1n, fue destruirlos con justificaciones de diversas \u00edndole.<\/p>\n\n\n\n<p>En este contexto, el Mandatario nacional precis\u00f3 que lo que el imperio pretende intentar contra Venezuela es un zarpazo terrorista, militar, inmoral, criminal e ilegal y, por este motivo, el Gobierno Bolivariano ha reiterado que la Revoluci\u00f3n se mantiene en vanguardia, ente cualquier circunstancia.<\/p>\n\n\n\n<p><strong>Prensa Presidencial\/ Irmary D\u00edaz<\/strong><\/p>\n\n\n\n<p><\/p>\n","protected":false},"excerpt":{"rendered":"<p>Palacio Federal Legislativo, Caracas. \u2013 El presidente de la Rep\u00fablica Bolivariana de Venezuela, Nicol\u00e1s Maduro Moros, resalt\u00f3 que en los pr\u00f3ximos d\u00edas se estar\u00e1 celebrando el aniversario n\u00famero 80 de la victoria del pueblo chino contra la agresi\u00f3n japonesa, que marc\u00f3 un modelo que promueve como valores fundamentales la paz, el respeto y la solidaridad. [&hellip;]<\/p>\n","protected":false},"author":1,"featured_media":23248,"comment_status":"open","ping_status":"open","sticky":false,"template":"","format":"standard","meta":{"footnotes":""},"categories":[18,7],"tags":[92,31,19,557,27,20],"class_list":["post-23261","post","type-post","status-publish","format-standard","has-post-thumbnail","hentry","category-noticias-principales","category-notas-de-prensa","tag-an","tag-china","tag-nicolas-maduro","tag-paz","tag-revolucion-bolivariana","tag-venezuela"],"_links":{"self":[{"href":"https:\/\/prensapresidencialvenezuela.gob.ve\/index.php\/wp-json\/wp\/v2\/posts\/23261","targetHints":{"allow":["GET"]}}],"collection":[{"href":"https:\/\/prensapresidencialvenezuela.gob.ve\/index.php\/wp-json\/wp\/v2\/posts"}],"about":[{"href":"https:\/\/prensapresidencialvenezuela.gob.ve\/index.php\/wp-json\/wp\/v2\/types\/post"}],"author":[{"embeddable":true,"href":"https:\/\/prensapresidencialvenezuela.gob.ve\/index.php\/wp-json\/wp\/v2\/users\/1"}],"replies":[{"embeddable":true,"href":"https:\/\/prensapresidencialvenezuela.gob.ve\/index.php\/wp-json\/wp\/v2\/comments?post=23261"}],"version-history":[{"count":2,"href":"https:\/\/prensapresidencialvenezuela.gob.ve\/index.php\/wp-json\/wp\/v2\/posts\/23261\/revisions"}],"predecessor-version":[{"id":23267,"href":"https:\/\/prensapresidencialvenezuela.gob.ve\/index.php\/wp-json\/wp\/v2\/posts\/23261\/revisions\/23267"}],"wp:featuredmedia":[{"embeddable":true,"href":"https:\/\/prensapresidencialvenezuela.gob.ve\/index.php\/wp-json\/wp\/v2\/media\/23248"}],"wp:attachment":[{"href":"https:\/\/prensapresidencialvenezuela.gob.ve\/index.php\/wp-json\/wp\/v2\/media?parent=23261"}],"wp:term":[{"taxonomy":"category","embeddable":true,"href":"https:\/\/prensapresidencialvenezuela.gob.ve\/index.php\/wp-json\/wp\/v2\/categories?post=23261"},{"taxonomy":"post_tag","embeddable":true,"href":"https:\/\/prensapresidencialvenezuela.gob.ve\/index.php\/wp-json\/wp\/v2\/tags?post=23261"}],"curies":[{"name":"wp","href":"https:\/\/api.w.org\/{rel}","templated":true}]}}