{"id":23268,"date":"2025-08-22T20:30:02","date_gmt":"2025-08-23T00:30:02","guid":{"rendered":"https:\/\/prensapresidencialvenezuela.gob.ve\/?p=23268"},"modified":"2025-08-22T20:43:19","modified_gmt":"2025-08-23T00:43:19","slug":"presidente-nicolas-maduro-dispuesto-a-darlo-todo-ante-constantes-amenazas-imperiales-en-contra-de-venezuela","status":"publish","type":"post","link":"https:\/\/prensapresidencialvenezuela.gob.ve\/index.php\/2025\/08\/22\/presidente-nicolas-maduro-dispuesto-a-darlo-todo-ante-constantes-amenazas-imperiales-en-contra-de-venezuela\/","title":{"rendered":"Presidente Maduro reafirma su disposici\u00f3n a confrontar las amenazas contra Venezuela"},"content":{"rendered":"\n<p><\/p>\n\n\n\n<p><strong>Asamblea Nacional, Caracas.- <\/strong>Tras las amenazas permanentes que el Imperio norteamericano tiene hacia la Rep\u00fablica Bolivariana de Venezuela, el Mandatario nacional, Nicol\u00e1s Maduro Moros, ante el Poder Legislativo, altos funcionarios del Estado y representantes de partidos pol\u00edticos de oposici\u00f3n, dio a conocer su pragm\u00e1tica postura de estar al servicio del pa\u00eds para salir al combate.<\/p>\n\n\n\n<p>Citando la Proclama del General Cipriano Castro por el Bloqueo Extranjero, el Presidente ley\u00f3 con gran emocionalidad: \u00abMi aspiraci\u00f3n mayor es ver a mi Patria grande, pr\u00f3spera y feliz\u00bb.<\/p>\n\n\n\n<p>Tras un recuento hist\u00f3rico de los grandes procesos y luchas de nuestros pr\u00f3ceres venezolanos, para la libertad e independecia de Venezuela, el Mandatario venezolano mostr\u00f3 con memorables ejemplos las infinidades de veces que la Patria de Bol\u00edvar ha sido v\u00edctima de las acciones imperiales. Fue el l\u00edder venezolano, Cipriano Castro, quien marc\u00f3 una huella imborrable en la que salv\u00f3, milagrosamente, el gentilicio nacional, aquel 9 de diciembre de 1902, frente a las escuadras alemanas e inglesas.<\/p>\n\n\n\n<p><\/p>\n\n\n\n<figure class=\"wp-block-image size-large\"><img fetchpriority=\"high\" decoding=\"async\" width=\"1024\" height=\"683\" src=\"https:\/\/prensapresidencialvenezuela.gob.ve\/wp-content\/uploads\/2025\/08\/10_0K1A1784_P-1024x683.jpg\" alt=\"\" class=\"wp-image-23265\" srcset=\"https:\/\/prensapresidencialvenezuela.gob.ve\/wp-content\/uploads\/2025\/08\/10_0K1A1784_P-1024x683.jpg 1024w, https:\/\/prensapresidencialvenezuela.gob.ve\/wp-content\/uploads\/2025\/08\/10_0K1A1784_P-300x200.jpg 300w, https:\/\/prensapresidencialvenezuela.gob.ve\/wp-content\/uploads\/2025\/08\/10_0K1A1784_P-768x512.jpg 768w, https:\/\/prensapresidencialvenezuela.gob.ve\/wp-content\/uploads\/2025\/08\/10_0K1A1784_P-1536x1024.jpg 1536w, https:\/\/prensapresidencialvenezuela.gob.ve\/wp-content\/uploads\/2025\/08\/10_0K1A1784_P-2048x1366.jpg 2048w\" sizes=\"(max-width: 1024px) 100vw, 1024px\" \/><\/figure>\n\n\n\n<p><strong>Un poco de historia<\/strong><\/p>\n\n\n\n<p>Aquellas tropas de Alemania, del Imperio Brit\u00e1nico y del Reino de Italia, vinieron por la venganza hist\u00f3rica a descuartizar y acabar el sue\u00f1o de los libertadores en su propia cuna: Venezuela. Fue el llamado de Cipriano Castro a militares, l\u00edderes pol\u00edticos de los partidos de oposici\u00f3n del gran pueblo patri\u00f3tico, l\u00edderes empresariales y a la juventud de Venezuela, lo que los hizo coincidir a finales de noviembre de 1902 para que se lograra la victoria antiimperialista.<\/p>\n\n\n\n<p>Es as\u00ed como el jefe de Estado, Nicol\u00e1s Maduro Moros, hizo hincapi\u00e9 en demostrarle al pueblo de Venezuela que el pa\u00eds atraviesa por \u00abmomentos decisivos para la vida de nuestra nacionalidad\u00bb, precis\u00f3.<\/p>\n\n\n\n<p>Siendo as\u00ed, como Cipriano Castro se puso al frente de aquella batalla y triunf\u00f3 la soberan\u00eda nacional y fueron expulsados los imperios brit\u00e1nicos, Alem\u00e1n y el Reino de Italia; el Presidente de Venezuela pidi\u00f3 al pa\u00eds mayor compromiso y lealtad con la Patria, sin desconocer que siempre habr\u00e1 traidores.<\/p>\n\n\n\n<p>Entre sus grandes conclusiones, el Dignatario de Venezuela reiter\u00f3 que frente a retos parecidos, de amenazas recurrentes, \u00abfrente a lo que yo he llamado un refrito de amenazas, que combina la guerra psicol\u00f3gica diaria con la guerra econ\u00f3mica diaria\u00bb, hay que hacerle frente en uni\u00f3n perfecta.<\/p>\n\n\n\n<p><strong>Prensa Presidencial\/ Claudia Guerra M\u00e9ndez<\/strong><\/p>\n","protected":false},"excerpt":{"rendered":"<p>Asamblea Nacional, Caracas.- Tras las amenazas permanentes que el Imperio norteamericano tiene hacia la Rep\u00fablica Bolivariana de Venezuela, el Mandatario nacional, Nicol\u00e1s Maduro Moros, ante el Poder Legislativo, altos funcionarios del Estado y representantes de partidos pol\u00edticos de oposici\u00f3n, dio a conocer su pragm\u00e1tica postura de estar al servicio del pa\u00eds para salir al combate. [&hellip;]<\/p>\n","protected":false},"author":1,"featured_media":23266,"comment_status":"open","ping_status":"open","sticky":false,"template":"","format":"standard","meta":{"footnotes":""},"categories":[18,7],"tags":[92,19,557,27,20],"class_list":["post-23268","post","type-post","status-publish","format-standard","has-post-thumbnail","hentry","category-noticias-principales","category-notas-de-prensa","tag-an","tag-nicolas-maduro","tag-paz","tag-revolucion-bolivariana","tag-venezuela"],"_links":{"self":[{"href":"https:\/\/prensapresidencialvenezuela.gob.ve\/index.php\/wp-json\/wp\/v2\/posts\/23268","targetHints":{"allow":["GET"]}}],"collection":[{"href":"https:\/\/prensapresidencialvenezuela.gob.ve\/index.php\/wp-json\/wp\/v2\/posts"}],"about":[{"href":"https:\/\/prensapresidencialvenezuela.gob.ve\/index.php\/wp-json\/wp\/v2\/types\/post"}],"author":[{"embeddable":true,"href":"https:\/\/prensapresidencialvenezuela.gob.ve\/index.php\/wp-json\/wp\/v2\/users\/1"}],"replies":[{"embeddable":true,"href":"https:\/\/prensapresidencialvenezuela.gob.ve\/index.php\/wp-json\/wp\/v2\/comments?post=23268"}],"version-history":[{"count":2,"href":"https:\/\/prensapresidencialvenezuela.gob.ve\/index.php\/wp-json\/wp\/v2\/posts\/23268\/revisions"}],"predecessor-version":[{"id":23271,"href":"https:\/\/prensapresidencialvenezuela.gob.ve\/index.php\/wp-json\/wp\/v2\/posts\/23268\/revisions\/23271"}],"wp:featuredmedia":[{"embeddable":true,"href":"https:\/\/prensapresidencialvenezuela.gob.ve\/index.php\/wp-json\/wp\/v2\/media\/23266"}],"wp:attachment":[{"href":"https:\/\/prensapresidencialvenezuela.gob.ve\/index.php\/wp-json\/wp\/v2\/media?parent=23268"}],"wp:term":[{"taxonomy":"category","embeddable":true,"href":"https:\/\/prensapresidencialvenezuela.gob.ve\/index.php\/wp-json\/wp\/v2\/categories?post=23268"},{"taxonomy":"post_tag","embeddable":true,"href":"https:\/\/prensapresidencialvenezuela.gob.ve\/index.php\/wp-json\/wp\/v2\/tags?post=23268"}],"curies":[{"name":"wp","href":"https:\/\/api.w.org\/{rel}","templated":true}]}}