{"id":23272,"date":"2025-08-22T20:50:25","date_gmt":"2025-08-23T00:50:25","guid":{"rendered":"https:\/\/prensapresidencialvenezuela.gob.ve\/?p=23272"},"modified":"2025-08-22T21:02:32","modified_gmt":"2025-08-23T01:02:32","slug":"solidaridad-de-pueblos-del-mundo-con-venezuela-desestima-conflicto-armado-en-sudamerica","status":"publish","type":"post","link":"https:\/\/prensapresidencialvenezuela.gob.ve\/index.php\/2025\/08\/22\/solidaridad-de-pueblos-del-mundo-con-venezuela-desestima-conflicto-armado-en-sudamerica\/","title":{"rendered":"Solidaridad de pueblos del mundo con Venezuela desestima conflicto armado en Sudam\u00e9rica"},"content":{"rendered":"\n<p><strong>Palacio Federal Legislativo, Caracas. \u2013 <\/strong>Durante su intervenci\u00f3n en el acto de Defensa de la Soberan\u00eda y la Paz de Venezuela, Am\u00e9rica Latina y el Caribe, Territorios de Paz, el presidente de la Rep\u00fablica Bolivariana de Venezuela, Nicol\u00e1s Maduro Moros, inst\u00f3 a la protecci\u00f3n de los derechos fundamentales y a la autodeterminaci\u00f3n de la naci\u00f3n.<\/p>\n\n\n\n<p>Por este motivo, el Jefe de Estado agradeci\u00f3 a las instituciones y sectores de la sociedad venezolana, as\u00ed como a los gobiernos y pueblos del mundo, por la solidaridad y apoyo que le han dado a Venezuela, adem\u00e1s del rechazo mundial un\u00e1nime que han manifestado ante las arremetidas de los Estados Unidos, el cual pretende que se abra un conflicto armado en Sudam\u00e9rica.<\/p>\n\n\n\n<p>En este orden de ideas, ha se\u00f1alado que este intento por parte del Imperio norteamericano puede sumarse a sus fracasos de Vietnam, Afganist\u00e1n, Irak y Libia, que destac\u00f3 como fracasos estadounidenses.<\/p>\n\n\n\n<p>En este contexto, el l\u00edder venezolano ha reiterado que como siempre lo ha dicho y lo mantiene que, ante cualquier circunstancia, se mantengan los nervios de acero, la calma y la cordura; as\u00ed como la m\u00e1xima uni\u00f3n nacional, porque \u00abDios est\u00e1 con nosotros\u00bb.&nbsp;<\/p>\n\n\n\n<figure class=\"wp-block-image size-large\"><img fetchpriority=\"high\" decoding=\"async\" width=\"1024\" height=\"682\" src=\"https:\/\/prensapresidencialvenezuela.gob.ve\/wp-content\/uploads\/2025\/08\/4992425863127609345-1024x682.jpg\" alt=\"\" class=\"wp-image-23273\" srcset=\"https:\/\/prensapresidencialvenezuela.gob.ve\/wp-content\/uploads\/2025\/08\/4992425863127609345-1024x682.jpg 1024w, https:\/\/prensapresidencialvenezuela.gob.ve\/wp-content\/uploads\/2025\/08\/4992425863127609345-300x200.jpg 300w, https:\/\/prensapresidencialvenezuela.gob.ve\/wp-content\/uploads\/2025\/08\/4992425863127609345-768x512.jpg 768w, https:\/\/prensapresidencialvenezuela.gob.ve\/wp-content\/uploads\/2025\/08\/4992425863127609345.jpg 1280w\" sizes=\"(max-width: 1024px) 100vw, 1024px\" \/><\/figure>\n\n\n\n<p>Con mucho temple y amor patrio, el l\u00edder de la patria de Bol\u00edvar y Ch\u00e1vez, asever\u00f3 que quien agrede a alg\u00fan pa\u00eds en Am\u00e9rica Latina, agrede a todos. Y que quien amenaza a uno, los amenaza a todos y, por ello, es tiempo de valent\u00eda, de juntar el esfuerzo, de reunir la voluntad nacional, de poner a un lado diferencias menores.<\/p>\n\n\n\n<p>\u00abEs tiempo que Venezuela hable con una sola voz, la voz de la verdad, la patria, del derecho que tenemos a la paz y a que se respete la autodeterminaci\u00f3n de nuestro pueblo, nuestra soberan\u00eda, nuestra independencia, por encima de cualquier cosa\u00bb, precis\u00f3 el Mandatario nacional.<\/p>\n\n\n\n<p><strong>Prensa Presidencial\/ Irmary D\u00edaz<\/strong><\/p>\n\n\n\n<p><\/p>\n","protected":false},"excerpt":{"rendered":"<p>Palacio Federal Legislativo, Caracas. \u2013 Durante su intervenci\u00f3n en el acto de Defensa de la Soberan\u00eda y la Paz de Venezuela, Am\u00e9rica Latina y el Caribe, Territorios de Paz, el presidente de la Rep\u00fablica Bolivariana de Venezuela, Nicol\u00e1s Maduro Moros, inst\u00f3 a la protecci\u00f3n de los derechos fundamentales y a la autodeterminaci\u00f3n de la naci\u00f3n. [&hellip;]<\/p>\n","protected":false},"author":1,"featured_media":23274,"comment_status":"open","ping_status":"open","sticky":false,"template":"","format":"standard","meta":{"footnotes":""},"categories":[18,7],"tags":[92,19,557,27,20],"class_list":["post-23272","post","type-post","status-publish","format-standard","has-post-thumbnail","hentry","category-noticias-principales","category-notas-de-prensa","tag-an","tag-nicolas-maduro","tag-paz","tag-revolucion-bolivariana","tag-venezuela"],"_links":{"self":[{"href":"https:\/\/prensapresidencialvenezuela.gob.ve\/index.php\/wp-json\/wp\/v2\/posts\/23272","targetHints":{"allow":["GET"]}}],"collection":[{"href":"https:\/\/prensapresidencialvenezuela.gob.ve\/index.php\/wp-json\/wp\/v2\/posts"}],"about":[{"href":"https:\/\/prensapresidencialvenezuela.gob.ve\/index.php\/wp-json\/wp\/v2\/types\/post"}],"author":[{"embeddable":true,"href":"https:\/\/prensapresidencialvenezuela.gob.ve\/index.php\/wp-json\/wp\/v2\/users\/1"}],"replies":[{"embeddable":true,"href":"https:\/\/prensapresidencialvenezuela.gob.ve\/index.php\/wp-json\/wp\/v2\/comments?post=23272"}],"version-history":[{"count":1,"href":"https:\/\/prensapresidencialvenezuela.gob.ve\/index.php\/wp-json\/wp\/v2\/posts\/23272\/revisions"}],"predecessor-version":[{"id":23275,"href":"https:\/\/prensapresidencialvenezuela.gob.ve\/index.php\/wp-json\/wp\/v2\/posts\/23272\/revisions\/23275"}],"wp:featuredmedia":[{"embeddable":true,"href":"https:\/\/prensapresidencialvenezuela.gob.ve\/index.php\/wp-json\/wp\/v2\/media\/23274"}],"wp:attachment":[{"href":"https:\/\/prensapresidencialvenezuela.gob.ve\/index.php\/wp-json\/wp\/v2\/media?parent=23272"}],"wp:term":[{"taxonomy":"category","embeddable":true,"href":"https:\/\/prensapresidencialvenezuela.gob.ve\/index.php\/wp-json\/wp\/v2\/categories?post=23272"},{"taxonomy":"post_tag","embeddable":true,"href":"https:\/\/prensapresidencialvenezuela.gob.ve\/index.php\/wp-json\/wp\/v2\/tags?post=23272"}],"curies":[{"name":"wp","href":"https:\/\/api.w.org\/{rel}","templated":true}]}}