{"id":23276,"date":"2025-08-23T16:32:49","date_gmt":"2025-08-23T20:32:49","guid":{"rendered":"https:\/\/prensapresidencialvenezuela.gob.ve\/?p=23276"},"modified":"2025-08-23T16:32:49","modified_gmt":"2025-08-23T20:32:49","slug":"pueblo-se-alista-en-la-milicia-bolivariana-contra-el-imperialismo-norteamericano-en-jornada-nacional","status":"publish","type":"post","link":"https:\/\/prensapresidencialvenezuela.gob.ve\/index.php\/2025\/08\/23\/pueblo-se-alista-en-la-milicia-bolivariana-contra-el-imperialismo-norteamericano-en-jornada-nacional\/","title":{"rendered":"Pueblo se alista en la Milicia Bolivariana contra el imperialismo norteamericano en jornada nacional"},"content":{"rendered":"\n<p><strong>Complejo de Miraflores, Caracas.-<\/strong> Altos mandos militares y ciudadanos se han sumado masivamente este s\u00e1bado al llamado del <strong>presidente de la Rep\u00fablica Bolivariana de Venezuela, Nicol\u00e1s Maduro,<\/strong> en una jornada nacional de alistamiento en la <strong>Milicia Nacional Bolivariana (MNB)<\/strong>, que tiene por objetivo la defensa de la soberan\u00eda ante las amenazas soberbias del imperialismo norteamericano.<\/p>\n\n\n\n<p>Desde el Palacio Blanco, el Mayor General Marcano T\u00e1bata, <strong>Comandante General de la Brigada de Guardia de Honor Presidencial (BGHP)<\/strong>, afirm\u00f3 una transmisi\u00f3n del canal Venezolana de Televisi\u00f3n que la iniciativa es una respuesta directa a las flagrantes violaciones al derecho internacional. \u00abNosotros acudimos con mucha fuerza a rechazar esas acciones contra nuestra Patria que busca un cambio de r\u00e9gimen y eso jam\u00e1s va a ocurrir en nuestro pueblo\u00bb, asegur\u00f3.<\/p>\n\n\n\n<figure class=\"wp-block-gallery has-nested-images columns-default is-cropped wp-block-gallery-1 is-layout-flex wp-block-gallery-is-layout-flex\">\n<figure class=\"wp-block-image size-large\"><img fetchpriority=\"high\" decoding=\"async\" width=\"1024\" height=\"683\" data-id=\"23278\" src=\"https:\/\/prensapresidencialvenezuela.gob.ve\/wp-content\/uploads\/2025\/08\/4995025697026190961-1024x683.jpg\" alt=\"\" class=\"wp-image-23278\" srcset=\"https:\/\/prensapresidencialvenezuela.gob.ve\/wp-content\/uploads\/2025\/08\/4995025697026190961-1024x683.jpg 1024w, https:\/\/prensapresidencialvenezuela.gob.ve\/wp-content\/uploads\/2025\/08\/4995025697026190961-300x200.jpg 300w, https:\/\/prensapresidencialvenezuela.gob.ve\/wp-content\/uploads\/2025\/08\/4995025697026190961-768x512.jpg 768w, https:\/\/prensapresidencialvenezuela.gob.ve\/wp-content\/uploads\/2025\/08\/4995025697026190961-1536x1025.jpg 1536w, https:\/\/prensapresidencialvenezuela.gob.ve\/wp-content\/uploads\/2025\/08\/4995025697026190961.jpg 2048w\" sizes=\"(max-width: 1024px) 100vw, 1024px\" \/><\/figure>\n\n\n\n<figure class=\"wp-block-image size-large\"><img decoding=\"async\" width=\"1024\" height=\"683\" data-id=\"23279\" src=\"https:\/\/prensapresidencialvenezuela.gob.ve\/wp-content\/uploads\/2025\/08\/4995025697026190962-1024x683.jpg\" alt=\"\" class=\"wp-image-23279\" srcset=\"https:\/\/prensapresidencialvenezuela.gob.ve\/wp-content\/uploads\/2025\/08\/4995025697026190962-1024x683.jpg 1024w, https:\/\/prensapresidencialvenezuela.gob.ve\/wp-content\/uploads\/2025\/08\/4995025697026190962-300x200.jpg 300w, https:\/\/prensapresidencialvenezuela.gob.ve\/wp-content\/uploads\/2025\/08\/4995025697026190962-768x512.jpg 768w, https:\/\/prensapresidencialvenezuela.gob.ve\/wp-content\/uploads\/2025\/08\/4995025697026190962-1536x1025.jpg 1536w, https:\/\/prensapresidencialvenezuela.gob.ve\/wp-content\/uploads\/2025\/08\/4995025697026190962.jpg 2048w\" sizes=\"(max-width: 1024px) 100vw, 1024px\" \/><\/figure>\n\n\n\n<figure class=\"wp-block-image size-large\"><img decoding=\"async\" width=\"1024\" height=\"683\" data-id=\"23280\" src=\"https:\/\/prensapresidencialvenezuela.gob.ve\/wp-content\/uploads\/2025\/08\/4995025697026190964-1024x683.jpg\" alt=\"\" class=\"wp-image-23280\" srcset=\"https:\/\/prensapresidencialvenezuela.gob.ve\/wp-content\/uploads\/2025\/08\/4995025697026190964-1024x683.jpg 1024w, https:\/\/prensapresidencialvenezuela.gob.ve\/wp-content\/uploads\/2025\/08\/4995025697026190964-300x200.jpg 300w, https:\/\/prensapresidencialvenezuela.gob.ve\/wp-content\/uploads\/2025\/08\/4995025697026190964-768x512.jpg 768w, https:\/\/prensapresidencialvenezuela.gob.ve\/wp-content\/uploads\/2025\/08\/4995025697026190964-1536x1025.jpg 1536w, https:\/\/prensapresidencialvenezuela.gob.ve\/wp-content\/uploads\/2025\/08\/4995025697026190964.jpg 2048w\" sizes=\"(max-width: 1024px) 100vw, 1024px\" \/><\/figure>\n<\/figure>\n\n\n\n<blockquote class=\"wp-block-quote is-layout-flow wp-block-quote-is-layout-flow\">\n<p>Por su parte, el Vicealmirante An\u00edbal Coronado, <strong>ministro del Poder Popular para el Despacho de la Presidencia y Seguimiento de la Gesti\u00f3n del Gobierno<\/strong>, destac\u00f3 la perfecta uni\u00f3n c\u00edvico- militar- policial que se ha manifestado en la jornada. \u00abAqu\u00ed estamos rodeados de mucho pueblo que ha llegado&#8230; anot\u00e1ndonos para engrosar las filas de la MNB,\u00bb expres\u00f3, para luego menciona que la defensa de la Patria es un objetivo de todos los venezolanos, sin distinci\u00f3n social o pol\u00edtica, y que la soberan\u00eda est\u00e1 en manos de todos los venezolanos.<\/p>\n<\/blockquote>\n\n\n\n<p>La jornada de alistamiento se enmarca en el Plan Nacional de Soberan\u00eda y Paz Sim\u00f3n Bol\u00edvar, una iniciativa anunciada por el presidente Maduro el pasado jueves. El objetivo es movilizar a milicianos, reservistas y ciudadanos en puntos de alistamiento ubicados en cuarteles militares, plazas p\u00fablicas y las 15.751 bases populares de defensa integral del pa\u00eds.<\/p>\n\n\n\n<p><strong>El presidente Maduro ha llamado a la calma y a la m\u00e1xima movilizaci\u00f3n para garantizar la paz, bajo el lema \u00abNervios de acero, calma y cordura\u00bb<\/strong>. En su rol de Comandante en Jefe, el mandatario destac\u00f3 la importancia de la uni\u00f3n \u00abpopular-militar-policial\u00bb para asegurar la victoria. \u00abDios est\u00e1 con nosotros y tenemos la victoria de nuestra parte,\u00bb afirm\u00f3.<\/p>\n\n\n\n<p><strong>Prensa Presidencial \/ Iliana Rosales<\/strong><\/p>\n\n\n\n<p><\/p>\n","protected":false},"excerpt":{"rendered":"<p>Complejo de Miraflores, Caracas.- Altos mandos militares y ciudadanos se han sumado masivamente este s\u00e1bado al llamado del presidente de la Rep\u00fablica Bolivariana de Venezuela, Nicol\u00e1s Maduro, en una jornada nacional de alistamiento en la Milicia Nacional Bolivariana (MNB), que tiene por objetivo la defensa de la soberan\u00eda ante las amenazas soberbias del imperialismo norteamericano. [&hellip;]<\/p>\n","protected":false},"author":1,"featured_media":23277,"comment_status":"open","ping_status":"open","sticky":false,"template":"","format":"standard","meta":{"footnotes":""},"categories":[18,7],"tags":[1786,1785,19,27,20],"class_list":["post-23276","post","type-post","status-publish","format-standard","has-post-thumbnail","hentry","category-noticias-principales","category-notas-de-prensa","tag-anibal-coronado","tag-marcano-tabata","tag-nicolas-maduro","tag-revolucion-bolivariana","tag-venezuela"],"_links":{"self":[{"href":"https:\/\/prensapresidencialvenezuela.gob.ve\/index.php\/wp-json\/wp\/v2\/posts\/23276","targetHints":{"allow":["GET"]}}],"collection":[{"href":"https:\/\/prensapresidencialvenezuela.gob.ve\/index.php\/wp-json\/wp\/v2\/posts"}],"about":[{"href":"https:\/\/prensapresidencialvenezuela.gob.ve\/index.php\/wp-json\/wp\/v2\/types\/post"}],"author":[{"embeddable":true,"href":"https:\/\/prensapresidencialvenezuela.gob.ve\/index.php\/wp-json\/wp\/v2\/users\/1"}],"replies":[{"embeddable":true,"href":"https:\/\/prensapresidencialvenezuela.gob.ve\/index.php\/wp-json\/wp\/v2\/comments?post=23276"}],"version-history":[{"count":1,"href":"https:\/\/prensapresidencialvenezuela.gob.ve\/index.php\/wp-json\/wp\/v2\/posts\/23276\/revisions"}],"predecessor-version":[{"id":23281,"href":"https:\/\/prensapresidencialvenezuela.gob.ve\/index.php\/wp-json\/wp\/v2\/posts\/23276\/revisions\/23281"}],"wp:featuredmedia":[{"embeddable":true,"href":"https:\/\/prensapresidencialvenezuela.gob.ve\/index.php\/wp-json\/wp\/v2\/media\/23277"}],"wp:attachment":[{"href":"https:\/\/prensapresidencialvenezuela.gob.ve\/index.php\/wp-json\/wp\/v2\/media?parent=23276"}],"wp:term":[{"taxonomy":"category","embeddable":true,"href":"https:\/\/prensapresidencialvenezuela.gob.ve\/index.php\/wp-json\/wp\/v2\/categories?post=23276"},{"taxonomy":"post_tag","embeddable":true,"href":"https:\/\/prensapresidencialvenezuela.gob.ve\/index.php\/wp-json\/wp\/v2\/tags?post=23276"}],"curies":[{"name":"wp","href":"https:\/\/api.w.org\/{rel}","templated":true}]}}