{"id":2329,"date":"2022-06-10T16:21:00","date_gmt":"2022-06-10T16:21:00","guid":{"rendered":"http:\/\/172.27.0.121\/?p=2329"},"modified":"2022-07-13T16:22:38","modified_gmt":"2022-07-13T16:22:38","slug":"maduro-una-nueva-humanidad-es-necesaria","status":"publish","type":"post","link":"https:\/\/prensapresidencialvenezuela.gob.ve\/index.php\/2022\/06\/10\/maduro-una-nueva-humanidad-es-necesaria\/","title":{"rendered":"Maduro: Una nueva humanidad es necesaria"},"content":{"rendered":"\n<p><strong>Palacio de Miraflores, Caracas.- <\/strong>Al enfatizar \u201cuna nueva humanidad es necesaria\u201d, el presidente de la Rep\u00fablica, Nicol\u00e1s Maduro, se\u00f1al\u00f3 que deben surgir nuevos modelos pol\u00edticos, econ\u00f3micos, sociales y culturales que permitan \u201cvernos de t\u00fa a t\u00fa, reconocernos entre los diferentes como hermanos de los pueblos del mundo\u201d.<\/p>\n\n\n\n<p>En un mensaje dirigido a las organizaciones sociales, sindicales y pol\u00edticas congregadas en la Cumbre de los Pueblos, que se realiza del 8 al 10 de junio en Los \u00c1ngeles, destac\u00f3 que Venezuela est\u00e1 plantada en la construcci\u00f3n de un mundo multic\u00e9ntrico y pluripolar que abra las puertas al di\u00e1logo, a las relaciones de respeto e igualdad entre Estados, pueblos y gobiernos.<\/p>\n\n\n\n<p>\u201cUn mundo basado en un di\u00e1logo profundo de culturas, religiones, incluyente de ideolog\u00edas y posiciones para una nueva humanidad es posible\u201d, subray\u00f3.<\/p>\n\n\n\n<p>En este sentido, el Dignatario destac\u00f3 que un reflejo del nacimiento del nuevo mundo es \u201cla sonrisa de la esperanza\u201d que se levanta en las calles de Los \u00c1ngeles, en Estados Unidos, como s\u00edmbolo de \u201cuna nueva humanidad sin hegemonismos imperialistas, sin neocolonialismos y neoliberalismos\u201d.<\/p>\n\n\n\n<p>La Cumbre de los Pueblos abordar\u00e1 temas vinculados con la importancia del respeto al Derecho Internacional, especialmente la soberan\u00eda y autodeterminaci\u00f3n de los pueblos.<\/p>\n\n\n\n<p><strong>Prensa Presidencial\/Karelis Gonz\u00e1lez<\/strong><\/p>\n","protected":false},"excerpt":{"rendered":"<p>Palacio de Miraflores, Caracas.- Al enfatizar \u201cuna nueva humanidad es necesaria\u201d, el presidente de la Rep\u00fablica, Nicol\u00e1s Maduro, se\u00f1al\u00f3 que deben surgir nuevos modelos pol\u00edticos, econ\u00f3micos, sociales y culturales que permitan \u201cvernos de t\u00fa a t\u00fa, reconocernos entre los diferentes como hermanos de los pueblos del mundo\u201d. En un mensaje dirigido a las organizaciones sociales, [&hellip;]<\/p>\n","protected":false},"author":6,"featured_media":2330,"comment_status":"open","ping_status":"open","sticky":false,"template":"","format":"standard","meta":{"footnotes":""},"categories":[7],"tags":[],"class_list":["post-2329","post","type-post","status-publish","format-standard","has-post-thumbnail","hentry","category-notas-de-prensa"],"_links":{"self":[{"href":"https:\/\/prensapresidencialvenezuela.gob.ve\/index.php\/wp-json\/wp\/v2\/posts\/2329","targetHints":{"allow":["GET"]}}],"collection":[{"href":"https:\/\/prensapresidencialvenezuela.gob.ve\/index.php\/wp-json\/wp\/v2\/posts"}],"about":[{"href":"https:\/\/prensapresidencialvenezuela.gob.ve\/index.php\/wp-json\/wp\/v2\/types\/post"}],"author":[{"embeddable":true,"href":"https:\/\/prensapresidencialvenezuela.gob.ve\/index.php\/wp-json\/wp\/v2\/users\/6"}],"replies":[{"embeddable":true,"href":"https:\/\/prensapresidencialvenezuela.gob.ve\/index.php\/wp-json\/wp\/v2\/comments?post=2329"}],"version-history":[{"count":1,"href":"https:\/\/prensapresidencialvenezuela.gob.ve\/index.php\/wp-json\/wp\/v2\/posts\/2329\/revisions"}],"predecessor-version":[{"id":2331,"href":"https:\/\/prensapresidencialvenezuela.gob.ve\/index.php\/wp-json\/wp\/v2\/posts\/2329\/revisions\/2331"}],"wp:featuredmedia":[{"embeddable":true,"href":"https:\/\/prensapresidencialvenezuela.gob.ve\/index.php\/wp-json\/wp\/v2\/media\/2330"}],"wp:attachment":[{"href":"https:\/\/prensapresidencialvenezuela.gob.ve\/index.php\/wp-json\/wp\/v2\/media?parent=2329"}],"wp:term":[{"taxonomy":"category","embeddable":true,"href":"https:\/\/prensapresidencialvenezuela.gob.ve\/index.php\/wp-json\/wp\/v2\/categories?post=2329"},{"taxonomy":"post_tag","embeddable":true,"href":"https:\/\/prensapresidencialvenezuela.gob.ve\/index.php\/wp-json\/wp\/v2\/tags?post=2329"}],"curies":[{"name":"wp","href":"https:\/\/api.w.org\/{rel}","templated":true}]}}