{"id":23291,"date":"2025-08-25T19:21:11","date_gmt":"2025-08-25T23:21:11","guid":{"rendered":"https:\/\/prensapresidencialvenezuela.gob.ve\/?p=23291"},"modified":"2025-08-25T19:28:19","modified_gmt":"2025-08-25T23:28:19","slug":"por-la-paz-y-la-soberania-mas-de-160-urra-desplegadas-en-todo-el-territorio-nacional","status":"publish","type":"post","link":"https:\/\/prensapresidencialvenezuela.gob.ve\/index.php\/2025\/08\/25\/por-la-paz-y-la-soberania-mas-de-160-urra-desplegadas-en-todo-el-territorio-nacional\/","title":{"rendered":"Por la paz y la soberan\u00eda m\u00e1s de 160 URRA desplegadas en todo el territorio nacional"},"content":{"rendered":"\n<p><strong>Palacio de Miraflores, Caracas. \u2013 <\/strong>Durante su programa habitual \u00ab<em>Con Maduro +\u00bb <\/em>N.\u00ba 89, el presidente de la Rep\u00fablica Bolivariana de Venezuela, Nicol\u00e1s Maduro Moros, inform\u00f3 que esta semana se activ\u00f3 en todo su esplendor el poder de la naci\u00f3n para garantizar la paz y la soberan\u00eda mediante la fusi\u00f3n perfecta del poder popular-militar-policial.<\/p>\n\n\n\n<p>En este sentido, el jefe de Estado detall\u00f3 que ciento sesenta y cuatro (164) Unidades de Reacci\u00f3n R\u00e1pida de la Fuerza Armada Nacional Bolivariana (URRA), han sido desplegadas en el territorio nacional en defensa del pa\u00eds; ya que se mantiene en vanguardia las 24 horas del d\u00eda y los 365 d\u00edas del a\u00f1o.&nbsp;<\/p>\n\n\n\n<p>Asimismo, mencion\u00f3 que las URRA cuentan con capacidad de combate para la lucha contra las bandas criminales; y la conspiraci\u00f3n fascista que preparan desde el exterior, a trav\u00e9s de los mercenarios, con la intensi\u00f3n de quebrantar la tranquilidad de la naci\u00f3n.<\/p>\n\n\n\n<p><\/p>\n\n\n\n<figure class=\"wp-block-image size-large\"><img fetchpriority=\"high\" decoding=\"async\" width=\"1024\" height=\"682\" src=\"https:\/\/prensapresidencialvenezuela.gob.ve\/wp-content\/uploads\/2025\/08\/photo_5001525876625616888_y-1024x682.jpg\" alt=\"\" class=\"wp-image-23292\" srcset=\"https:\/\/prensapresidencialvenezuela.gob.ve\/wp-content\/uploads\/2025\/08\/photo_5001525876625616888_y-1024x682.jpg 1024w, https:\/\/prensapresidencialvenezuela.gob.ve\/wp-content\/uploads\/2025\/08\/photo_5001525876625616888_y-300x200.jpg 300w, https:\/\/prensapresidencialvenezuela.gob.ve\/wp-content\/uploads\/2025\/08\/photo_5001525876625616888_y-768x512.jpg 768w, https:\/\/prensapresidencialvenezuela.gob.ve\/wp-content\/uploads\/2025\/08\/photo_5001525876625616888_y.jpg 1280w\" sizes=\"(max-width: 1024px) 100vw, 1024px\" \/><\/figure>\n\n\n\n<p><strong>Activaci\u00f3n de Poderes P\u00fablicos<\/strong><\/p>\n\n\n\n<p>En esta l\u00ednea, el Mandatario nacional acot\u00f3 que, para afianzar a\u00fan m\u00e1s la paz de Venezuela, se activ\u00f3 con mucha fuerza el Poder P\u00fablico Nacional por ser los que sostienen la paz conquistada y consolidada de Venezuela: el Poder Popular- Militar-Policial, que en la actualidad est\u00e1 m\u00e1s fusionado y unido.<\/p>\n\n\n\n<p>\u00abEl poder de la naci\u00f3n venezolana es la uni\u00f3n y fusi\u00f3n perfecta del pueblo, su Fuerza Armada Nacional Bolivariana (FANB), y sus fuerzas policiales. Un solo plan, una sola voluntad\u00bb, asever\u00f3 el Comandante en Jefe de la FANB.<\/p>\n\n\n\n<p>Adicionalmente, destac\u00f3 que el pueblo cada vez tiene m\u00e1s fuerza y poder, por tanto, no lo han podido ni podr\u00e1n detener, ya que cuenta con cinco (5) poderes constitucionales, que fueron creados por la Constituci\u00f3n de 1999: Poder Legislativo, Poder Judicial, el Poder Ciudadano, el Poder Electoral y el Poder Ejecutivo.<\/p>\n\n\n\n<p>En este contexto, el l\u00edder venezolano precis\u00f3 que el sistema defensivo fue sometido a un proceso intenso de aceleraci\u00f3n y reorganizaci\u00f3n din\u00e1mica, con el objetivo de encabezar la batalla de todo un pa\u00eds, por su derecho a la paz, a la soberan\u00eda y al futuro.<\/p>\n\n\n\n<p><strong>Prensa Presidencial\/ Irmary D\u00edaz&nbsp;<\/strong><\/p>\n","protected":false},"excerpt":{"rendered":"<p>Palacio de Miraflores, Caracas. \u2013 Durante su programa habitual \u00abCon Maduro +\u00bb N.\u00ba 89, el presidente de la Rep\u00fablica Bolivariana de Venezuela, Nicol\u00e1s Maduro Moros, inform\u00f3 que esta semana se activ\u00f3 en todo su esplendor el poder de la naci\u00f3n para garantizar la paz y la soberan\u00eda mediante la fusi\u00f3n perfecta del poder popular-militar-policial. En [&hellip;]<\/p>\n","protected":false},"author":1,"featured_media":23296,"comment_status":"open","ping_status":"open","sticky":false,"template":"","format":"standard","meta":{"footnotes":""},"categories":[18,7],"tags":[150,19,557,20],"class_list":["post-23291","post","type-post","status-publish","format-standard","has-post-thumbnail","hentry","category-noticias-principales","category-notas-de-prensa","tag-con-maduro","tag-nicolas-maduro","tag-paz","tag-venezuela"],"_links":{"self":[{"href":"https:\/\/prensapresidencialvenezuela.gob.ve\/index.php\/wp-json\/wp\/v2\/posts\/23291","targetHints":{"allow":["GET"]}}],"collection":[{"href":"https:\/\/prensapresidencialvenezuela.gob.ve\/index.php\/wp-json\/wp\/v2\/posts"}],"about":[{"href":"https:\/\/prensapresidencialvenezuela.gob.ve\/index.php\/wp-json\/wp\/v2\/types\/post"}],"author":[{"embeddable":true,"href":"https:\/\/prensapresidencialvenezuela.gob.ve\/index.php\/wp-json\/wp\/v2\/users\/1"}],"replies":[{"embeddable":true,"href":"https:\/\/prensapresidencialvenezuela.gob.ve\/index.php\/wp-json\/wp\/v2\/comments?post=23291"}],"version-history":[{"count":1,"href":"https:\/\/prensapresidencialvenezuela.gob.ve\/index.php\/wp-json\/wp\/v2\/posts\/23291\/revisions"}],"predecessor-version":[{"id":23351,"href":"https:\/\/prensapresidencialvenezuela.gob.ve\/index.php\/wp-json\/wp\/v2\/posts\/23291\/revisions\/23351"}],"wp:featuredmedia":[{"embeddable":true,"href":"https:\/\/prensapresidencialvenezuela.gob.ve\/index.php\/wp-json\/wp\/v2\/media\/23296"}],"wp:attachment":[{"href":"https:\/\/prensapresidencialvenezuela.gob.ve\/index.php\/wp-json\/wp\/v2\/media?parent=23291"}],"wp:term":[{"taxonomy":"category","embeddable":true,"href":"https:\/\/prensapresidencialvenezuela.gob.ve\/index.php\/wp-json\/wp\/v2\/categories?post=23291"},{"taxonomy":"post_tag","embeddable":true,"href":"https:\/\/prensapresidencialvenezuela.gob.ve\/index.php\/wp-json\/wp\/v2\/tags?post=23291"}],"curies":[{"name":"wp","href":"https:\/\/api.w.org\/{rel}","templated":true}]}}