{"id":23352,"date":"2025-08-25T19:27:26","date_gmt":"2025-08-25T23:27:26","guid":{"rendered":"https:\/\/prensapresidencialvenezuela.gob.ve\/?p=23352"},"modified":"2025-08-25T19:27:26","modified_gmt":"2025-08-25T23:27:26","slug":"venezuela-tierra-que-construye-su-poder-para-la-libertad-y-democracia-de-la-republica-de-bolivar","status":"publish","type":"post","link":"https:\/\/prensapresidencialvenezuela.gob.ve\/index.php\/2025\/08\/25\/venezuela-tierra-que-construye-su-poder-para-la-libertad-y-democracia-de-la-republica-de-bolivar\/","title":{"rendered":"Venezuela: Tierra que construye su poder para la libertad y democracia de la rep\u00fablica de Bol\u00edvar"},"content":{"rendered":"\n<p><\/p>\n\n\n\n<p><strong>Palacio de Miraflores, Caracas. \u2013 <\/strong>El presidente de la Rep\u00fablica Bolivariana de Venezuela, Nicol\u00e1s Maduro Moros, destac\u00f3 que, con la finalidad de mantener la paz de la naci\u00f3n, se ha activado de manera progresiva, con serenidad, firmeza, visi\u00f3n estrat\u00e9gica y un plan, el Poder Popular movilizado en las calles.<\/p>\n\n\n\n<p>Asimismo, dijo que el pa\u00eds ha construido su poder para la libertad y la democracia siguiendo los ideales del Libertador Sim\u00f3n Bol\u00edvar, porque cuenta con el poder de las fuerzas pol\u00edticas del pa\u00eds, desde la izquierda radical, hasta la derecha, porque los venezolanos son personas de bien y con un ideal claro, Bol\u00edvar.&nbsp;<\/p>\n\n\n\n<p>Durante su programa N.\u00ba 89<em> de \u00abCon Maduro +\u00bb,<\/em> el Jefe de Estado tambi\u00e9n resalt\u00f3 que el pa\u00eds cuenta con la activaci\u00f3n de todas las fuerzas revolucionarias y el poder nacional activado para la defensa, frente a las amenazas ilegales, inmorales y criminales del Imperio de los Estados Unidos contra la Rep\u00fablica Bolivariana de Venezuela.<\/p>\n\n\n\n<p>Por otra parte, mencion\u00f3 que, aunque algunos piensen que la amenaza es solo contra Venezuela, realmente est\u00e1 dirigida a todos, tanto para Am\u00e9rica Latina como el Caribe, en general; motivo por el cual, enfatiz\u00f3: \u00abSi nos amenazan a uno, nos amenazan a todos. Si tocan a uno, tocan a todos, esa es la verdad\u00bb.<\/p>\n\n\n\n<p><\/p>\n\n\n\n<figure class=\"wp-block-image size-large\"><img fetchpriority=\"high\" decoding=\"async\" width=\"1024\" height=\"682\" src=\"https:\/\/prensapresidencialvenezuela.gob.ve\/wp-content\/uploads\/2025\/08\/photo_5001525876625616889_y-1024x682.jpg\" alt=\"\" class=\"wp-image-23293\" srcset=\"https:\/\/prensapresidencialvenezuela.gob.ve\/wp-content\/uploads\/2025\/08\/photo_5001525876625616889_y-1024x682.jpg 1024w, https:\/\/prensapresidencialvenezuela.gob.ve\/wp-content\/uploads\/2025\/08\/photo_5001525876625616889_y-300x200.jpg 300w, https:\/\/prensapresidencialvenezuela.gob.ve\/wp-content\/uploads\/2025\/08\/photo_5001525876625616889_y-768x512.jpg 768w, https:\/\/prensapresidencialvenezuela.gob.ve\/wp-content\/uploads\/2025\/08\/photo_5001525876625616889_y.jpg 1280w\" sizes=\"(max-width: 1024px) 100vw, 1024px\" \/><\/figure>\n\n\n\n<p><strong>Ideal de Bol\u00edvar, la Revoluci\u00f3n<\/strong><\/p>\n\n\n\n<p>En este contexto, el Presidente record\u00f3 una frase del Libertador Sim\u00f3n Bol\u00edvar que dice: \u00abPueblos libres vencen a imperios poderosos\u00bb, para referir que un pueblo revolucionario es capaz de preservar la libertad, el ideario pol\u00edtico y fundamentos emancipadores que dej\u00f3 el Padre de la Patria.<\/p>\n\n\n\n<p>En el mismo orden de ideas, el Dignatario nacional describi\u00f3 el libro sobre Sim\u00f3n Bol\u00edvar, llamado <em>\u00c9l es la Revoluci\u00f3n<\/em>, de Sergio Guerra Vilaboy, en el cual se describe que en el Libertador est\u00e1 la respuesta para todas las \u00e9pocas de la Am\u00e9rica que siempre ha querido paz, independencia y libertad.<\/p>\n\n\n\n<p>\u00abSomos un pueblo libre, nuestro poder es nuestra \u00e9tica, espiritualidad, historia, moral, y ese poder est\u00e1 activado al nivel que el imperio ni se imagina, al nivel que est\u00e1 activado el poder espiritual de este templo suramericano de la libertad, que es Venezuela\u00bb, apunt\u00f3.<\/p>\n\n\n\n<p>Por lo antes citado, el Mandatario nacional ha se\u00f1alado que, para \u00e9l, los venezolanos son la revoluci\u00f3n, los hombres y mujeres de a pie que quieren vida, paz, igualdad, uni\u00f3n, una rep\u00fablica independiente y soberana que dice no al colonialismo, no a la guerra, si a la paz y a la vida.<\/p>\n\n\n\n<p><strong>Prensa Presidencial\/ Irmary D\u00edaz<\/strong><\/p>\n\n\n\n<p><\/p>\n","protected":false},"excerpt":{"rendered":"<p>Palacio de Miraflores, Caracas. \u2013 El presidente de la Rep\u00fablica Bolivariana de Venezuela, Nicol\u00e1s Maduro Moros, destac\u00f3 que, con la finalidad de mantener la paz de la naci\u00f3n, se ha activado de manera progresiva, con serenidad, firmeza, visi\u00f3n estrat\u00e9gica y un plan, el Poder Popular movilizado en las calles. Asimismo, dijo que el pa\u00eds ha [&hellip;]<\/p>\n","protected":false},"author":1,"featured_media":23301,"comment_status":"open","ping_status":"open","sticky":false,"template":"","format":"standard","meta":{"footnotes":""},"categories":[18,7],"tags":[150,19,557,20],"class_list":["post-23352","post","type-post","status-publish","format-standard","has-post-thumbnail","hentry","category-noticias-principales","category-notas-de-prensa","tag-con-maduro","tag-nicolas-maduro","tag-paz","tag-venezuela"],"_links":{"self":[{"href":"https:\/\/prensapresidencialvenezuela.gob.ve\/index.php\/wp-json\/wp\/v2\/posts\/23352","targetHints":{"allow":["GET"]}}],"collection":[{"href":"https:\/\/prensapresidencialvenezuela.gob.ve\/index.php\/wp-json\/wp\/v2\/posts"}],"about":[{"href":"https:\/\/prensapresidencialvenezuela.gob.ve\/index.php\/wp-json\/wp\/v2\/types\/post"}],"author":[{"embeddable":true,"href":"https:\/\/prensapresidencialvenezuela.gob.ve\/index.php\/wp-json\/wp\/v2\/users\/1"}],"replies":[{"embeddable":true,"href":"https:\/\/prensapresidencialvenezuela.gob.ve\/index.php\/wp-json\/wp\/v2\/comments?post=23352"}],"version-history":[{"count":1,"href":"https:\/\/prensapresidencialvenezuela.gob.ve\/index.php\/wp-json\/wp\/v2\/posts\/23352\/revisions"}],"predecessor-version":[{"id":23353,"href":"https:\/\/prensapresidencialvenezuela.gob.ve\/index.php\/wp-json\/wp\/v2\/posts\/23352\/revisions\/23353"}],"wp:featuredmedia":[{"embeddable":true,"href":"https:\/\/prensapresidencialvenezuela.gob.ve\/index.php\/wp-json\/wp\/v2\/media\/23301"}],"wp:attachment":[{"href":"https:\/\/prensapresidencialvenezuela.gob.ve\/index.php\/wp-json\/wp\/v2\/media?parent=23352"}],"wp:term":[{"taxonomy":"category","embeddable":true,"href":"https:\/\/prensapresidencialvenezuela.gob.ve\/index.php\/wp-json\/wp\/v2\/categories?post=23352"},{"taxonomy":"post_tag","embeddable":true,"href":"https:\/\/prensapresidencialvenezuela.gob.ve\/index.php\/wp-json\/wp\/v2\/tags?post=23352"}],"curies":[{"name":"wp","href":"https:\/\/api.w.org\/{rel}","templated":true}]}}