{"id":23354,"date":"2025-08-25T19:32:25","date_gmt":"2025-08-25T23:32:25","guid":{"rendered":"https:\/\/prensapresidencialvenezuela.gob.ve\/?p=23354"},"modified":"2025-08-25T19:32:26","modified_gmt":"2025-08-25T23:32:26","slug":"desplegados-15-mil-efectivos-para-reforzar-la-seguridad-en-zona-binacional-de-paz","status":"publish","type":"post","link":"https:\/\/prensapresidencialvenezuela.gob.ve\/index.php\/2025\/08\/25\/desplegados-15-mil-efectivos-para-reforzar-la-seguridad-en-zona-binacional-de-paz\/","title":{"rendered":"Desplegados 15 mil efectivos para reforzar la seguridad en Zona Binacional de Paz"},"content":{"rendered":"\n<p><strong>Palacio de Miraflores, Caracas.-<\/strong> El presidente de la Rep\u00fablica Bolivariana de Venezuela, Nicol\u00e1s Maduro, anunci\u00f3 este lunes un plan de refuerzo militar y policial en la zona fronteriza con Colombia, conocida como la Zona Binacional de Paz, territorio que se extiende desde el estado T\u00e1chira hasta La Guajira.<\/p>\n\n\n\n<p>El Mandatario nacional dio a conocer los detalles del plan durante la edici\u00f3n n\u00famero 89 de su programa \u00ab<em>Con Maduro +\u00bb,<\/em> explicando que fue presentado por el Alto Mando Militar y Pol\u00edtico, a los fines de consolidar la paz y la seguridad en la regi\u00f3n. \u00abVamos a ir con 15 mil hombres y mujeres, bien armados, bien entrenados y bien preparados para reforzar toda la zona binacional\u00bb, afirm\u00f3.<\/p>\n\n\n\n<p>En tal sentido, destac\u00f3 que las fuerzas de seguridad venezolanas han logrado limpiar de forma permanente la zona del Catatumbo y denunci\u00f3 la fuerte actividad il\u00edcita que emana del lado colombiano de la frontera. \u00abLamentablemente, hay una actividad muy fuerte. Hay 50 mil hect\u00e1reas de hojas de coca, por la medida chiquita. Hay laboratorios de todo tipo, hay grupos armados de todos los colores y pezu\u00f1as\u00bb, record\u00f3.<\/p>\n\n\n\n<p><\/p>\n\n\n\n<figure class=\"wp-block-image size-large\"><img fetchpriority=\"high\" decoding=\"async\" width=\"958\" height=\"1024\" src=\"https:\/\/prensapresidencialvenezuela.gob.ve\/wp-content\/uploads\/2025\/08\/photo_5001525876625616906_y-958x1024.jpg\" alt=\"\" class=\"wp-image-23310\" srcset=\"https:\/\/prensapresidencialvenezuela.gob.ve\/wp-content\/uploads\/2025\/08\/photo_5001525876625616906_y-958x1024.jpg 958w, https:\/\/prensapresidencialvenezuela.gob.ve\/wp-content\/uploads\/2025\/08\/photo_5001525876625616906_y-281x300.jpg 281w, https:\/\/prensapresidencialvenezuela.gob.ve\/wp-content\/uploads\/2025\/08\/photo_5001525876625616906_y-768x821.jpg 768w, https:\/\/prensapresidencialvenezuela.gob.ve\/wp-content\/uploads\/2025\/08\/photo_5001525876625616906_y.jpg 1197w\" sizes=\"(max-width: 958px) 100vw, 958px\" \/><\/figure>\n\n\n\n<p>El Presidente venezolano explic\u00f3 que estas actividades il\u00edcitas forman un corredor que se extiende por el r\u00edo Catatumbo hacia el Lago de Maracaibo y La Guajira, afectando la estabilidad y seguridad de la regi\u00f3n. El plan de reforzamiento est\u00e1 dise\u00f1ado para contrarrestar esta situaci\u00f3n y proteger las \u00e1reas estrat\u00e9gicas de la naci\u00f3n.<\/p>\n\n\n\n<p>A prop\u00f3sito de ello, denunci\u00f3 que los portales, medios, redes internacionales manejados por los poderes econ\u00f3micos imperiales, han tratado de ocultar los grandes logros de las fuerzas militares, policiales en materia de lucha contra el narcotr\u00e1fico.<\/p>\n\n\n\n<p>Como un necesario llamado a la unidad, destac\u00f3 la conexi\u00f3n cultural que existe entre los pueblos de La Guajira venezolana y colombiana: \u00abAl final es una sola naci\u00f3n Guajira, pero est\u00e1 separada por los l\u00edmites de los pa\u00edses, de los Estados\u00bb.<\/p>\n\n\n\n<p><strong>Prensa Presidencial \/ Iliana Rosales<\/strong><\/p>\n","protected":false},"excerpt":{"rendered":"<p>Palacio de Miraflores, Caracas.- El presidente de la Rep\u00fablica Bolivariana de Venezuela, Nicol\u00e1s Maduro, anunci\u00f3 este lunes un plan de refuerzo militar y policial en la zona fronteriza con Colombia, conocida como la Zona Binacional de Paz, territorio que se extiende desde el estado T\u00e1chira hasta La Guajira. El Mandatario nacional dio a conocer los [&hellip;]<\/p>\n","protected":false},"author":1,"featured_media":23304,"comment_status":"open","ping_status":"open","sticky":false,"template":"","format":"standard","meta":{"footnotes":""},"categories":[18,7],"tags":[150,19,27,20],"class_list":["post-23354","post","type-post","status-publish","format-standard","has-post-thumbnail","hentry","category-noticias-principales","category-notas-de-prensa","tag-con-maduro","tag-nicolas-maduro","tag-revolucion-bolivariana","tag-venezuela"],"_links":{"self":[{"href":"https:\/\/prensapresidencialvenezuela.gob.ve\/index.php\/wp-json\/wp\/v2\/posts\/23354","targetHints":{"allow":["GET"]}}],"collection":[{"href":"https:\/\/prensapresidencialvenezuela.gob.ve\/index.php\/wp-json\/wp\/v2\/posts"}],"about":[{"href":"https:\/\/prensapresidencialvenezuela.gob.ve\/index.php\/wp-json\/wp\/v2\/types\/post"}],"author":[{"embeddable":true,"href":"https:\/\/prensapresidencialvenezuela.gob.ve\/index.php\/wp-json\/wp\/v2\/users\/1"}],"replies":[{"embeddable":true,"href":"https:\/\/prensapresidencialvenezuela.gob.ve\/index.php\/wp-json\/wp\/v2\/comments?post=23354"}],"version-history":[{"count":1,"href":"https:\/\/prensapresidencialvenezuela.gob.ve\/index.php\/wp-json\/wp\/v2\/posts\/23354\/revisions"}],"predecessor-version":[{"id":23355,"href":"https:\/\/prensapresidencialvenezuela.gob.ve\/index.php\/wp-json\/wp\/v2\/posts\/23354\/revisions\/23355"}],"wp:featuredmedia":[{"embeddable":true,"href":"https:\/\/prensapresidencialvenezuela.gob.ve\/index.php\/wp-json\/wp\/v2\/media\/23304"}],"wp:attachment":[{"href":"https:\/\/prensapresidencialvenezuela.gob.ve\/index.php\/wp-json\/wp\/v2\/media?parent=23354"}],"wp:term":[{"taxonomy":"category","embeddable":true,"href":"https:\/\/prensapresidencialvenezuela.gob.ve\/index.php\/wp-json\/wp\/v2\/categories?post=23354"},{"taxonomy":"post_tag","embeddable":true,"href":"https:\/\/prensapresidencialvenezuela.gob.ve\/index.php\/wp-json\/wp\/v2\/tags?post=23354"}],"curies":[{"name":"wp","href":"https:\/\/api.w.org\/{rel}","templated":true}]}}