{"id":23356,"date":"2025-08-25T19:36:25","date_gmt":"2025-08-25T23:36:25","guid":{"rendered":"https:\/\/prensapresidencialvenezuela.gob.ve\/?p=23356"},"modified":"2025-08-25T19:36:26","modified_gmt":"2025-08-25T23:36:26","slug":"presidente-maduro-critica-la-guerra-contra-las-drogas-de-ee-uu-y-la-califica-de-fracasada","status":"publish","type":"post","link":"https:\/\/prensapresidencialvenezuela.gob.ve\/index.php\/2025\/08\/25\/presidente-maduro-critica-la-guerra-contra-las-drogas-de-ee-uu-y-la-califica-de-fracasada\/","title":{"rendered":"Presidente Maduro critica la guerra contra las drogas de EE.UU. y la califica de fracasada"},"content":{"rendered":"\n<p><strong>Palacio de Miraflores, Caracas.-<\/strong> Durante su programa \u00ab<em>Con Maduro+\u00bb,<\/em> el presidente de la Rep\u00fablica Bolivariana de Venezuela, Nicol\u00e1s Maduro, critic\u00f3 la pol\u00edtica de lucha antidroga de Estados Unidos, calific\u00e1ndola de un fracaso hist\u00f3rico y sist\u00e9mico, que solo ha servido de pretexto para intervenciones militares en diversas partes del mundo.<\/p>\n\n\n\n<p>El Jefe de Estado asegur\u00f3 que la poblaci\u00f3n estadounidense ya no desea m\u00e1s intervenciones militares, porque est\u00e1 cansada de lo que ha hecho el imperialismo en pa\u00edses como Vietnam, Irak, Afganist\u00e1n y Libia, en donde no han resuelto los problemas que prometen acabar y solo se han encargado de intervenir en asuntos internos de otros pa\u00edses, bajo la excusa de la lucha contra el narcotr\u00e1fico.<\/p>\n\n\n\n<p>Coment\u00f3 que la mal llamada guerra contra las drogas ha sido, es y ser\u00e1 un fracaso. \u00abEllos han enfermado a la sociedad estadounidense (\u2026) y es la sociedad con mayor consumo de drogas, de todo tipo, en el mundo\u00bb, afirm\u00f3.<\/p>\n\n\n\n<p>En tal sentido, aprovech\u00f3 la ocasi\u00f3n para cuestionar la l\u00f3gica detr\u00e1s del despliegue militar estadounidense en el Caribe, citando un mapa que fue mostrado previamente por el ministro del Poder Popular para Relaciones Exteriores, Justicia y Paz, Diosdado Cabello, que indica que m\u00e1s del 80% del narcotr\u00e1fico sale por el Pac\u00edfico, mientras que por Venezuela solo sale un 5%. \u00ab\u00bfPor qu\u00e9 mandas la flota por el Caribe, que lo que hay es un 5%?\u00bb, se pregunt\u00f3.<\/p>\n\n\n\n<p>En un an\u00e1lisis hist\u00f3rico, el Mandatario nacional se refiri\u00f3 al Plan Colombia, una iniciativa que \u00abdice que meti\u00f3 m\u00e1s de 20 mil millones de d\u00f3lares\u00bb para combatir el narcotr\u00e1fico y los cultivos il\u00edcitos. Los resultados fueron un fracaso rotundo: \u00abSe duplic\u00f3, hasta se triplic\u00f3 la producci\u00f3n de coca\u00edna\u00bb en el pa\u00eds vecino.<\/p>\n\n\n\n<p>El presidente Maduro concluy\u00f3 su cr\u00edtica se\u00f1alando la falta de resultados del despliegue militar. \u00ab\u00bfPor qu\u00e9 si tienen siete bases militares en Colombia, se triplic\u00f3 la producci\u00f3n de coca\u00edna alrededor de todas las bases militares?\u00bb, cuestion\u00f3. De igual forma, compar\u00f3 la situaci\u00f3n con la de Afganist\u00e1n, donde, a pesar de la ocupaci\u00f3n militar de veinte a\u00f1os, la producci\u00f3n de opio y amapola se increment\u00f3 mil por ciento.<\/p>\n\n\n\n<p><strong>Prensa Presidencial \/ Iliana Rosales<\/strong><\/p>\n","protected":false},"excerpt":{"rendered":"<p>Palacio de Miraflores, Caracas.- Durante su programa \u00abCon Maduro+\u00bb, el presidente de la Rep\u00fablica Bolivariana de Venezuela, Nicol\u00e1s Maduro, critic\u00f3 la pol\u00edtica de lucha antidroga de Estados Unidos, calific\u00e1ndola de un fracaso hist\u00f3rico y sist\u00e9mico, que solo ha servido de pretexto para intervenciones militares en diversas partes del mundo. El Jefe de Estado asegur\u00f3 que [&hellip;]<\/p>\n","protected":false},"author":1,"featured_media":23305,"comment_status":"open","ping_status":"open","sticky":false,"template":"","format":"standard","meta":{"footnotes":""},"categories":[18,7],"tags":[150,19,557,20],"class_list":["post-23356","post","type-post","status-publish","format-standard","has-post-thumbnail","hentry","category-noticias-principales","category-notas-de-prensa","tag-con-maduro","tag-nicolas-maduro","tag-paz","tag-venezuela"],"_links":{"self":[{"href":"https:\/\/prensapresidencialvenezuela.gob.ve\/index.php\/wp-json\/wp\/v2\/posts\/23356","targetHints":{"allow":["GET"]}}],"collection":[{"href":"https:\/\/prensapresidencialvenezuela.gob.ve\/index.php\/wp-json\/wp\/v2\/posts"}],"about":[{"href":"https:\/\/prensapresidencialvenezuela.gob.ve\/index.php\/wp-json\/wp\/v2\/types\/post"}],"author":[{"embeddable":true,"href":"https:\/\/prensapresidencialvenezuela.gob.ve\/index.php\/wp-json\/wp\/v2\/users\/1"}],"replies":[{"embeddable":true,"href":"https:\/\/prensapresidencialvenezuela.gob.ve\/index.php\/wp-json\/wp\/v2\/comments?post=23356"}],"version-history":[{"count":1,"href":"https:\/\/prensapresidencialvenezuela.gob.ve\/index.php\/wp-json\/wp\/v2\/posts\/23356\/revisions"}],"predecessor-version":[{"id":23357,"href":"https:\/\/prensapresidencialvenezuela.gob.ve\/index.php\/wp-json\/wp\/v2\/posts\/23356\/revisions\/23357"}],"wp:featuredmedia":[{"embeddable":true,"href":"https:\/\/prensapresidencialvenezuela.gob.ve\/index.php\/wp-json\/wp\/v2\/media\/23305"}],"wp:attachment":[{"href":"https:\/\/prensapresidencialvenezuela.gob.ve\/index.php\/wp-json\/wp\/v2\/media?parent=23356"}],"wp:term":[{"taxonomy":"category","embeddable":true,"href":"https:\/\/prensapresidencialvenezuela.gob.ve\/index.php\/wp-json\/wp\/v2\/categories?post=23356"},{"taxonomy":"post_tag","embeddable":true,"href":"https:\/\/prensapresidencialvenezuela.gob.ve\/index.php\/wp-json\/wp\/v2\/tags?post=23356"}],"curies":[{"name":"wp","href":"https:\/\/api.w.org\/{rel}","templated":true}]}}