{"id":23359,"date":"2025-08-25T19:42:04","date_gmt":"2025-08-25T23:42:04","guid":{"rendered":"https:\/\/prensapresidencialvenezuela.gob.ve\/?p=23359"},"modified":"2025-08-25T19:42:04","modified_gmt":"2025-08-25T23:42:04","slug":"venezuela-y-colombia-refuerzan-cooperacion-bilateral-en-la-frontera","status":"publish","type":"post","link":"https:\/\/prensapresidencialvenezuela.gob.ve\/index.php\/2025\/08\/25\/venezuela-y-colombia-refuerzan-cooperacion-bilateral-en-la-frontera\/","title":{"rendered":"Venezuela y Colombia refuerzan cooperaci\u00f3n bilateral en la frontera"},"content":{"rendered":"\n<p><br><strong>Palacio de Miraflores, Caracas.-<\/strong> El presidente de la Rep\u00fablica Bolivariana de Venezuela, Nicol\u00e1s Maduro, en su programa semanal \u00ab<em>Con Maduro +\u00bb,<\/em> anunci\u00f3 que junto a Colombia est\u00e1n fortaleciendo la cooperaci\u00f3n para combatir el narcotr\u00e1fico en la frontera.<\/p>\n\n\n\n<p>El Mandatario nacional destac\u00f3 que existe actualmente un buen nivel de comunicaci\u00f3n entre ambas naciones, lo que ha permitido avanzar en el concepto de una \u00abzona binacional de paz, prosperidad y desarrollo integral\u00bb.<\/p>\n\n\n\n<p>En este sentido, confirm\u00f3 que se ha mantenido conversaciones con el ministro de Defensa de Colombia y que se espera una serie de videoconferencias y reuniones entre los mandos militares y policiales de ambos pa\u00edses, en la zona fronteriza. \u00abAvanzamos en garantizar, de acuerdo a nuestra Constituci\u00f3n, con soberan\u00eda y autodeterminaci\u00f3n, la seguridad de nuestro territorio\u00bb, afirm\u00f3.<\/p>\n\n\n\n<p>El presidente Maduro fue enf\u00e1tico al advertir que Venezuela defender\u00e1 su independencia: \u00abQue nadie toque territorio venezolano, porque ese territorio es nuestro y lo garantizamos nosotros\u00bb.<\/p>\n\n\n\n<p><\/p>\n\n\n\n<figure class=\"wp-block-image size-large\"><img fetchpriority=\"high\" decoding=\"async\" width=\"799\" height=\"1024\" src=\"https:\/\/prensapresidencialvenezuela.gob.ve\/wp-content\/uploads\/2025\/08\/photo_5001525876625616908_y-799x1024.jpg\" alt=\"\" class=\"wp-image-23312\" srcset=\"https:\/\/prensapresidencialvenezuela.gob.ve\/wp-content\/uploads\/2025\/08\/photo_5001525876625616908_y-799x1024.jpg 799w, https:\/\/prensapresidencialvenezuela.gob.ve\/wp-content\/uploads\/2025\/08\/photo_5001525876625616908_y-234x300.jpg 234w, https:\/\/prensapresidencialvenezuela.gob.ve\/wp-content\/uploads\/2025\/08\/photo_5001525876625616908_y-768x984.jpg 768w, https:\/\/prensapresidencialvenezuela.gob.ve\/wp-content\/uploads\/2025\/08\/photo_5001525876625616908_y.jpg 999w\" sizes=\"(max-width: 799px) 100vw, 799px\" \/><\/figure>\n\n\n\n<p><strong>Territorio libre de cultivos de coca<\/strong><\/p>\n\n\n\n<p>El Mandatario nacional reiter\u00f3 que Venezuela es un territorio libre de sembrad\u00edos de hojas de coca y de producci\u00f3n de coca\u00edna, a diferencia de Colombia. Se\u00f1al\u00f3 que su territorio es principalmente una ruta de tr\u00e1nsito y refiri\u00f3 que han logrado combatir con \u00e9xito la coca\u00edna colombiana que intenta pasar por el pa\u00eds.<\/p>\n\n\n\n<p>Al respecto, cit\u00f3 datos que indican que la mayor parte del narcotr\u00e1fico (87%) sale por el Pac\u00edfico colombiano y Ecuador, y un 8% por la Guajira colombiana. \u00abEl 5% lo tratan de pasar por Venezuela y nosotros le damos pero palo y plomo\u00bb, asegur\u00f3, a\u00f1adiendo que la lucha contra el narcotr\u00e1fico en Venezuela es implacable y no distingue posici\u00f3n pol\u00edtica.<\/p>\n\n\n\n<p>Por \u00faltimo, reiter\u00f3 que es Estados Unidos (EE.UU.) el que controla el negocio del narcotr\u00e1fico, a trav\u00e9s de mafias y es el principal consumidor. \u00abLa guerra que ellos quieren, que la hagan en los EE.UU. contra las mafias de EE.UU. que controlan todo el negocio del narcotr\u00e1fico en Colombia, en Am\u00e9rica Central y m\u00e1s all\u00e1\u00bb, dijo.<\/p>\n\n\n\n<p><strong>Prensa Presidencial \/ Iliana Rosales<\/strong><\/p>\n\n\n\n<p><\/p>\n","protected":false},"excerpt":{"rendered":"<p>Palacio de Miraflores, Caracas.- El presidente de la Rep\u00fablica Bolivariana de Venezuela, Nicol\u00e1s Maduro, en su programa semanal \u00abCon Maduro +\u00bb, anunci\u00f3 que junto a Colombia est\u00e1n fortaleciendo la cooperaci\u00f3n para combatir el narcotr\u00e1fico en la frontera. El Mandatario nacional destac\u00f3 que existe actualmente un buen nivel de comunicaci\u00f3n entre ambas naciones, lo que ha [&hellip;]<\/p>\n","protected":false},"author":1,"featured_media":23322,"comment_status":"open","ping_status":"open","sticky":false,"template":"","format":"standard","meta":{"footnotes":""},"categories":[18,7],"tags":[19,557,27,20],"class_list":["post-23359","post","type-post","status-publish","format-standard","has-post-thumbnail","hentry","category-noticias-principales","category-notas-de-prensa","tag-nicolas-maduro","tag-paz","tag-revolucion-bolivariana","tag-venezuela"],"_links":{"self":[{"href":"https:\/\/prensapresidencialvenezuela.gob.ve\/index.php\/wp-json\/wp\/v2\/posts\/23359","targetHints":{"allow":["GET"]}}],"collection":[{"href":"https:\/\/prensapresidencialvenezuela.gob.ve\/index.php\/wp-json\/wp\/v2\/posts"}],"about":[{"href":"https:\/\/prensapresidencialvenezuela.gob.ve\/index.php\/wp-json\/wp\/v2\/types\/post"}],"author":[{"embeddable":true,"href":"https:\/\/prensapresidencialvenezuela.gob.ve\/index.php\/wp-json\/wp\/v2\/users\/1"}],"replies":[{"embeddable":true,"href":"https:\/\/prensapresidencialvenezuela.gob.ve\/index.php\/wp-json\/wp\/v2\/comments?post=23359"}],"version-history":[{"count":1,"href":"https:\/\/prensapresidencialvenezuela.gob.ve\/index.php\/wp-json\/wp\/v2\/posts\/23359\/revisions"}],"predecessor-version":[{"id":23360,"href":"https:\/\/prensapresidencialvenezuela.gob.ve\/index.php\/wp-json\/wp\/v2\/posts\/23359\/revisions\/23360"}],"wp:featuredmedia":[{"embeddable":true,"href":"https:\/\/prensapresidencialvenezuela.gob.ve\/index.php\/wp-json\/wp\/v2\/media\/23322"}],"wp:attachment":[{"href":"https:\/\/prensapresidencialvenezuela.gob.ve\/index.php\/wp-json\/wp\/v2\/media?parent=23359"}],"wp:term":[{"taxonomy":"category","embeddable":true,"href":"https:\/\/prensapresidencialvenezuela.gob.ve\/index.php\/wp-json\/wp\/v2\/categories?post=23359"},{"taxonomy":"post_tag","embeddable":true,"href":"https:\/\/prensapresidencialvenezuela.gob.ve\/index.php\/wp-json\/wp\/v2\/tags?post=23359"}],"curies":[{"name":"wp","href":"https:\/\/api.w.org\/{rel}","templated":true}]}}