{"id":23361,"date":"2025-08-25T19:49:01","date_gmt":"2025-08-25T23:49:01","guid":{"rendered":"https:\/\/prensapresidencialvenezuela.gob.ve\/?p=23361"},"modified":"2025-08-25T19:49:01","modified_gmt":"2025-08-25T23:49:01","slug":"90-de-los-venezolanos-rechaza-las-amenazas-de-gobierno-de-ee-uu-contra-venezuela","status":"publish","type":"post","link":"https:\/\/prensapresidencialvenezuela.gob.ve\/index.php\/2025\/08\/25\/90-de-los-venezolanos-rechaza-las-amenazas-de-gobierno-de-ee-uu-contra-venezuela\/","title":{"rendered":"90% de los venezolanos rechaza las amenazas de gobierno de EE.UU. contra Venezuela"},"content":{"rendered":"\n<p><strong>Palacio de Miraflores, Caracas.-<\/strong> Durante su programa televisivo de todos los lunes, <em>Con Maduro +,<\/em> n\u00famero 89, el presidente de la Rep\u00fablica Bolivariana de Venezuela, Nicol\u00e1s Maduro Moros, asegur\u00f3 que el Gobierno Bolivariano cuenta con sistemas de mediciones muy precisos, muy cient\u00edficos, que le permiten interpretar que la poblaci\u00f3n venezolana est\u00e1 f\u00e9rreamente unida a favor de la paz y en defensa de la soberan\u00eda.<\/p>\n\n\n\n<p>\u00abHay un rechazo, un repudio gigantesco (&#8230;) contra la gente que llama a que invadan, bombardeen, maten, llenen de violencia el pa\u00eds. Y te digo que el rechazo supera el 90% a los anuncios y amenazas del Gobierno estadounidense contra nuestro pa\u00eds\u00bb, puntualiz\u00f3 el Jefe de Estado frente a la entrevista con el periodista de Venezolana de Televisi\u00f3n (VTV), Boris Castellanos.<\/p>\n\n\n\n<p>El reportero de VTV, hizo especial \u00e9nfasis en una encuesta realizada por la medidora de opini\u00f3n p\u00fablica nacional, Hinterenlaces, en la que se\u00f1ala que el 83% de los venezolanos y venezolanas, de diferentes posiciones pol\u00edticas, creen que el Gobierno Revolucionario est\u00e1 a punto de caer con la presunta llegada de los marines del Gobierno de los EEUU. En este sentido, el Mandatario nacional argument\u00f3 que hoy el pueblo venezolano est\u00e1 m\u00e1s unido que nunca, siendo la mejor muestra de ello la jornada de alistamiento a la Milicia Bolivariana, que se realiz\u00f3 el pasado fin de semana.<\/p>\n\n\n\n<p><\/p>\n\n\n\n<figure class=\"wp-block-image size-large\"><img fetchpriority=\"high\" decoding=\"async\" width=\"1024\" height=\"682\" src=\"https:\/\/prensapresidencialvenezuela.gob.ve\/wp-content\/uploads\/2025\/08\/photo_5001525876625616894_y-1024x682.jpg\" alt=\"\" class=\"wp-image-23298\" srcset=\"https:\/\/prensapresidencialvenezuela.gob.ve\/wp-content\/uploads\/2025\/08\/photo_5001525876625616894_y-1024x682.jpg 1024w, https:\/\/prensapresidencialvenezuela.gob.ve\/wp-content\/uploads\/2025\/08\/photo_5001525876625616894_y-300x200.jpg 300w, https:\/\/prensapresidencialvenezuela.gob.ve\/wp-content\/uploads\/2025\/08\/photo_5001525876625616894_y-768x512.jpg 768w, https:\/\/prensapresidencialvenezuela.gob.ve\/wp-content\/uploads\/2025\/08\/photo_5001525876625616894_y.jpg 1280w\" sizes=\"(max-width: 1024px) 100vw, 1024px\" \/><\/figure>\n\n\n\n<p><strong>Milicianos activos en todo el pa\u00eds<\/strong><\/p>\n\n\n\n<p>Con la realidad de que los puntos activados para el alistamiento de los venezolanos y venezolanas en la Milicia Bolivariana resultaron insuficientes, el presidente Nicol\u00e1s Maduro, junto a su equipo de trabajo, propuso que haya mayor n\u00famero de puntos de alistamiento el pr\u00f3ximo viernes y s\u00e1bado.<\/p>\n\n\n\n<p>La intenci\u00f3n es completar el alistamiento nacional, que es la primera fase de activaci\u00f3n de las fuerzas populares armadas junto a la Fuerza Armada Nacional Bolivariana, para la defensa de Venezuela de manera voluntaria, como bien ha venido ocurriendo hasta el momento.<\/p>\n\n\n\n<p>El Presidente venezolano, de manera anecd\u00f3tica, le record\u00f3 a su entrevistador que cuando se trata de defender la patria, el pueblo entero permanece unido. \u00abJos\u00e9 Gregorio Hern\u00e1ndez baj\u00f3 de su casa de La Pastora hasta la jefatura civil de Altagracia. Se inscribi\u00f3, Jos\u00e9 Gregorio Hern\u00e1ndez, \u201cquiero ser miliciano, deme mi fusil para defender mi tierra\u201d\u00bb, cont\u00f3 el Dignatario nacional como muestra de las sorprendentes respuestas del pueblo a favor de la paz y del bien colectivo.<\/p>\n\n\n\n<p><strong>Prensa Presidencial\/ Claudia Guerra M\u00e9ndez<\/strong><\/p>\n","protected":false},"excerpt":{"rendered":"<p>Palacio de Miraflores, Caracas.- Durante su programa televisivo de todos los lunes, Con Maduro +, n\u00famero 89, el presidente de la Rep\u00fablica Bolivariana de Venezuela, Nicol\u00e1s Maduro Moros, asegur\u00f3 que el Gobierno Bolivariano cuenta con sistemas de mediciones muy precisos, muy cient\u00edficos, que le permiten interpretar que la poblaci\u00f3n venezolana est\u00e1 f\u00e9rreamente unida a favor [&hellip;]<\/p>\n","protected":false},"author":1,"featured_media":23318,"comment_status":"open","ping_status":"open","sticky":false,"template":"","format":"standard","meta":{"footnotes":""},"categories":[18,7],"tags":[150,19,557,20],"class_list":["post-23361","post","type-post","status-publish","format-standard","has-post-thumbnail","hentry","category-noticias-principales","category-notas-de-prensa","tag-con-maduro","tag-nicolas-maduro","tag-paz","tag-venezuela"],"_links":{"self":[{"href":"https:\/\/prensapresidencialvenezuela.gob.ve\/index.php\/wp-json\/wp\/v2\/posts\/23361","targetHints":{"allow":["GET"]}}],"collection":[{"href":"https:\/\/prensapresidencialvenezuela.gob.ve\/index.php\/wp-json\/wp\/v2\/posts"}],"about":[{"href":"https:\/\/prensapresidencialvenezuela.gob.ve\/index.php\/wp-json\/wp\/v2\/types\/post"}],"author":[{"embeddable":true,"href":"https:\/\/prensapresidencialvenezuela.gob.ve\/index.php\/wp-json\/wp\/v2\/users\/1"}],"replies":[{"embeddable":true,"href":"https:\/\/prensapresidencialvenezuela.gob.ve\/index.php\/wp-json\/wp\/v2\/comments?post=23361"}],"version-history":[{"count":2,"href":"https:\/\/prensapresidencialvenezuela.gob.ve\/index.php\/wp-json\/wp\/v2\/posts\/23361\/revisions"}],"predecessor-version":[{"id":23364,"href":"https:\/\/prensapresidencialvenezuela.gob.ve\/index.php\/wp-json\/wp\/v2\/posts\/23361\/revisions\/23364"}],"wp:featuredmedia":[{"embeddable":true,"href":"https:\/\/prensapresidencialvenezuela.gob.ve\/index.php\/wp-json\/wp\/v2\/media\/23318"}],"wp:attachment":[{"href":"https:\/\/prensapresidencialvenezuela.gob.ve\/index.php\/wp-json\/wp\/v2\/media?parent=23361"}],"wp:term":[{"taxonomy":"category","embeddable":true,"href":"https:\/\/prensapresidencialvenezuela.gob.ve\/index.php\/wp-json\/wp\/v2\/categories?post=23361"},{"taxonomy":"post_tag","embeddable":true,"href":"https:\/\/prensapresidencialvenezuela.gob.ve\/index.php\/wp-json\/wp\/v2\/tags?post=23361"}],"curies":[{"name":"wp","href":"https:\/\/api.w.org\/{rel}","templated":true}]}}