{"id":23365,"date":"2025-08-25T20:33:42","date_gmt":"2025-08-26T00:33:42","guid":{"rendered":"https:\/\/prensapresidencialvenezuela.gob.ve\/?p=23365"},"modified":"2025-08-25T20:33:43","modified_gmt":"2025-08-26T00:33:43","slug":"gobierno-de-los-ee-uu-pierde-credibilidad-ante-los-ojos-del-mundo","status":"publish","type":"post","link":"https:\/\/prensapresidencialvenezuela.gob.ve\/index.php\/2025\/08\/25\/gobierno-de-los-ee-uu-pierde-credibilidad-ante-los-ojos-del-mundo\/","title":{"rendered":"Gobierno de los EE.UU. pierde credibilidad ante los ojos del mundo"},"content":{"rendered":"\n<p><strong>Palacio de Miraflores, Caracas.-<\/strong> En defensa de la naci\u00f3n, el presidente de la Rep\u00fablica Bolivariana de Venezuela, Nicol\u00e1s Maduro Moros, invit\u00f3 a reflexionar a los que piden acciones b\u00e9licas contra el pa\u00eds, basados en una supuesta agresi\u00f3n al Imperio norteamericano, desde cualquier parte del mundo. Durante la entrevista realizada en el segmento \u00abZona Digital\u00bb de su programa <em>Con Maduro <\/em>+, indic\u00f3 que el pueblo estadounidense atacar\u00eda para defender su tierra, su patria, su paz y su seguridad. \u00abAs\u00ed estamos saliendo todos los venezolanos y venezolanas, estamos en nuestra ley. Y esta tierra no la toca a nadie (\u2026) Esta tierra es sagrada, bendecida y es la tierra de los libertadores\u00bb, dijo el Jefe de Estado.<\/p>\n\n\n\n<p>El Mandatario nacional explic\u00f3 que la nueva administraci\u00f3n norteamericana ha hecho una serie de se\u00f1alamientos bastante temerarios, de los que despu\u00e9s se retracta, negocia y cambia la versi\u00f3n. \u00abEn buena medida est\u00e1 perdiendo credibilidad y se est\u00e1 dejando al descubierto\u00bb, puntualiz\u00f3 sobre la reputaci\u00f3n del Gobierno estadounidense.<\/p>\n\n\n\n<p>Haciendo menci\u00f3n de una nota period\u00edstica publicada en el medio de comunicaci\u00f3n social venezolano, <em>La Iguana<\/em>, que narra el presunto despliegue militar estadounidense en aguas del Mar Caribe, con el pretexto de combatir el narcotr\u00e1fico; as\u00ed como sus amenazas contra Venezuela, el Imperio norteamericano gener\u00f3 un rechazo de los gobiernos del mundo, que hacen declaraciones de solidaridad con el pa\u00eds suramericano, refiri\u00e9ndose a Venezuela.<\/p>\n\n\n\n<p>En este intercambio de ideas con el periodista Boris Castellanos el Presidente venezolano dijo que mucha gente recuerda lo que pas\u00f3 con Irak y las armas de destrucci\u00f3n masiva que terminaron en la nada. \u00abYo creo que es bueno destacar que la gente no es tonta, la gente ve la verdad. Yo creo que hay una gran conciencia mundial sobre la decadencia del Imperio estadounidense (\u2026). Sabiendo su decadencia hist\u00f3rica ya, como imperio dominante, hegem\u00f3nico, durante casi un siglo, sobre todo en Am\u00e9rica Latina que es su espacio vital, el imperio estadounidense quiere forzar una nueva hegemon\u00eda\u00bb, coment\u00f3 ante el reportero.<\/p>\n\n\n\n<p><\/p>\n\n\n\n<figure class=\"wp-block-image size-large\"><img fetchpriority=\"high\" decoding=\"async\" width=\"1024\" height=\"682\" src=\"https:\/\/prensapresidencialvenezuela.gob.ve\/wp-content\/uploads\/2025\/08\/photo_5001525876625616907_y-1024x682.jpg\" alt=\"\" class=\"wp-image-23311\" srcset=\"https:\/\/prensapresidencialvenezuela.gob.ve\/wp-content\/uploads\/2025\/08\/photo_5001525876625616907_y-1024x682.jpg 1024w, https:\/\/prensapresidencialvenezuela.gob.ve\/wp-content\/uploads\/2025\/08\/photo_5001525876625616907_y-300x200.jpg 300w, https:\/\/prensapresidencialvenezuela.gob.ve\/wp-content\/uploads\/2025\/08\/photo_5001525876625616907_y-768x512.jpg 768w, https:\/\/prensapresidencialvenezuela.gob.ve\/wp-content\/uploads\/2025\/08\/photo_5001525876625616907_y.jpg 1280w\" sizes=\"(max-width: 1024px) 100vw, 1024px\" \/><\/figure>\n\n\n\n<p><strong>Venezuela en la vanguardia otra vez<\/strong><\/p>\n\n\n\n<p>El presidente Nicol\u00e1s Maduro continu\u00f3 su visi\u00f3n sobre la crisis norteamericana, en la que destac\u00f3 que en altos cargos de la pol\u00edtica estadounidense llegaron personas con proyectos extremistas, que creen que el mundo debe obedecerlos a ellos, sin darse cuenta de que hay una realidad totalmente diferente en la que los pueblos del mundo quieren respeto a su soberan\u00eda.<\/p>\n\n\n\n<blockquote class=\"wp-block-quote is-layout-flow wp-block-quote-is-layout-flow\">\n<p>\u00abEs un Estado guerrerista (EE.UU), que quiere forzar hoy lo que es una hegemon\u00eda nueva de dominaci\u00f3n y no puede, no va a poder (\u2026) Lo voy a decir hoy por primera vez, la mafia de Miami que odia a Venezuela, que odia a Am\u00e9rica Latina y que quisiera ser como la mafia colonial del continente, vinculado a toda la corrupci\u00f3n y al narcotr\u00e1fico, tiene el poder en Washington\u00bb, enfatiz\u00f3 el Mandatario nacional.<\/p>\n<\/blockquote>\n\n\n\n<p>Prosigui\u00f3 el Dignatario venezolano indicando que Marco Rubio tiene dos cargos importantes: la Secretar\u00eda de Seguridad Nacional de Casablanca y el Departamento de Estado, siendo ambas posiciones fundamentales para que el Gobierno de los EE.UU intente gobernar el mundo. \u00ab\u00c9l encabeza todos estos planes, que no tienen viabilidad, y sencillamente est\u00e1 todos los d\u00edas maquinando, utilizando su poder para la guerra psicol\u00f3gica, para la guerra pol\u00edtica y para posicionar un escenario, porque, lamentablemente, este se\u00f1or, con su locura y su extremismo, pudiera llevar al presidente Donald Trump al peor de los escenarios en Am\u00e9rica Latina y el Caribe\u00bb, alert\u00f3 del Presidente de Venezuela.<\/p>\n\n\n\n<p>Para el Jefe de Estado venezolano, el mundo est\u00e1 frente a un importante momento de transici\u00f3n, del viejo mundo imperial al nuevo mundo. De los pueblos del Sur, al nuevo mundo multipolar. \u00abEstos son dolores de parto del nacimiento de un nuevo mundo y Venezuela va en la vanguardia otra vez, igual que hace 200 a\u00f1os\u00bb, dijo con profundo orgullo el presidente Nicol\u00e1s Maduro.<\/p>\n\n\n\n<p><strong>Prensa Presidencial\/ Claudia Guerra M\u00e9ndez<\/strong><\/p>\n","protected":false},"excerpt":{"rendered":"<p>Palacio de Miraflores, Caracas.- En defensa de la naci\u00f3n, el presidente de la Rep\u00fablica Bolivariana de Venezuela, Nicol\u00e1s Maduro Moros, invit\u00f3 a reflexionar a los que piden acciones b\u00e9licas contra el pa\u00eds, basados en una supuesta agresi\u00f3n al Imperio norteamericano, desde cualquier parte del mundo. Durante la entrevista realizada en el segmento \u00abZona Digital\u00bb de [&hellip;]<\/p>\n","protected":false},"author":1,"featured_media":23313,"comment_status":"open","ping_status":"open","sticky":false,"template":"","format":"standard","meta":{"footnotes":""},"categories":[18,7],"tags":[150,19,557,20],"class_list":["post-23365","post","type-post","status-publish","format-standard","has-post-thumbnail","hentry","category-noticias-principales","category-notas-de-prensa","tag-con-maduro","tag-nicolas-maduro","tag-paz","tag-venezuela"],"_links":{"self":[{"href":"https:\/\/prensapresidencialvenezuela.gob.ve\/index.php\/wp-json\/wp\/v2\/posts\/23365","targetHints":{"allow":["GET"]}}],"collection":[{"href":"https:\/\/prensapresidencialvenezuela.gob.ve\/index.php\/wp-json\/wp\/v2\/posts"}],"about":[{"href":"https:\/\/prensapresidencialvenezuela.gob.ve\/index.php\/wp-json\/wp\/v2\/types\/post"}],"author":[{"embeddable":true,"href":"https:\/\/prensapresidencialvenezuela.gob.ve\/index.php\/wp-json\/wp\/v2\/users\/1"}],"replies":[{"embeddable":true,"href":"https:\/\/prensapresidencialvenezuela.gob.ve\/index.php\/wp-json\/wp\/v2\/comments?post=23365"}],"version-history":[{"count":2,"href":"https:\/\/prensapresidencialvenezuela.gob.ve\/index.php\/wp-json\/wp\/v2\/posts\/23365\/revisions"}],"predecessor-version":[{"id":23367,"href":"https:\/\/prensapresidencialvenezuela.gob.ve\/index.php\/wp-json\/wp\/v2\/posts\/23365\/revisions\/23367"}],"wp:featuredmedia":[{"embeddable":true,"href":"https:\/\/prensapresidencialvenezuela.gob.ve\/index.php\/wp-json\/wp\/v2\/media\/23313"}],"wp:attachment":[{"href":"https:\/\/prensapresidencialvenezuela.gob.ve\/index.php\/wp-json\/wp\/v2\/media?parent=23365"}],"wp:term":[{"taxonomy":"category","embeddable":true,"href":"https:\/\/prensapresidencialvenezuela.gob.ve\/index.php\/wp-json\/wp\/v2\/categories?post=23365"},{"taxonomy":"post_tag","embeddable":true,"href":"https:\/\/prensapresidencialvenezuela.gob.ve\/index.php\/wp-json\/wp\/v2\/tags?post=23365"}],"curies":[{"name":"wp","href":"https:\/\/api.w.org\/{rel}","templated":true}]}}