{"id":23368,"date":"2025-08-25T20:45:23","date_gmt":"2025-08-26T00:45:23","guid":{"rendered":"https:\/\/prensapresidencialvenezuela.gob.ve\/?p=23368"},"modified":"2025-08-25T20:45:24","modified_gmt":"2025-08-26T00:45:24","slug":"en-honor-al-director-de-cine-luis-alberto-lamata-continuaran-proyecto-de-vida-y-obra-de-bolivar","status":"publish","type":"post","link":"https:\/\/prensapresidencialvenezuela.gob.ve\/index.php\/2025\/08\/25\/en-honor-al-director-de-cine-luis-alberto-lamata-continuaran-proyecto-de-vida-y-obra-de-bolivar\/","title":{"rendered":"En honor al director de cine Luis Alberto Lamata continuar\u00e1n proyecto de vida y obra de Bol\u00edvar"},"content":{"rendered":"\n<p><strong>Palacio de Miraflores, Caracas. &#8211; <\/strong>Con motivo de la irreparable p\u00e9rdida f\u00edsica del director de cine venezolano, Luis Alberto Lamata, el presidente de la Rep\u00fablica Bolivariana de Venezuela, Nicol\u00e1s Maduro Moros, expres\u00f3 sus m\u00e1s sentidas condolencias a sus familiares, amigos y a toda la comunidad art\u00edstica del pa\u00eds.<\/p>\n\n\n\n<p>En este mismo orden, el Mandatario nacional inform\u00f3 que, en homenaje a este insigne escritor, se continuar\u00e1 con el proyecto de creaci\u00f3n y culminaci\u00f3n de la vida y obra del Libertador Sim\u00f3n Bol\u00edvar, con la implementaci\u00f3n de nuevas tecnolog\u00edas y con seriados de 100 cap\u00edtulos.<\/p>\n\n\n\n<p>Al mismo tiempo, acot\u00f3 que ya se tiene un avance respecto a la fase de preparaci\u00f3n de esta serie, que relatar\u00e1 toda la vida del Libertador, as\u00ed como se menciona una gran parte de su historia en el libro de Sergio Guerra Vilaboy, \u00ab<em>\u00c9l es la Revoluci\u00f3n<\/em>\u00bb. \u00a0<\/p>\n\n\n\n<p>Por tanto, destac\u00f3 que durante la direcci\u00f3n y desarrollo de este proyecto estar\u00e1 presente la energ\u00eda y ejemplo de Luis Alberto Lamata, quien falleci\u00f3 a los 65 a\u00f1os de edad y dej\u00f3 un gran prop\u00f3sito en el \u00e1mbito de la cultura como guionista, director, productor y, adem\u00e1s, forj\u00f3 un sello cinematogr\u00e1fico que no solo honr\u00f3 la identidad de la naci\u00f3n, sino que tambi\u00e9n cautiv\u00f3 a las generaciones presentes y futuras.<\/p>\n\n\n\n<p>En este contexto, es importante mencionar que horas m\u00e1s temprano, el Jefe de Estado escribi\u00f3 en su cuenta oficial de <em>Instagram @nicolasmaduro<\/em>, que \u00abla partida de Lamata dej\u00f3 un vac\u00edo inmenso, pero su obra perdurar\u00e1 como un testimonio de su ingenio y compromiso con el cine nacional\u00bb.<\/p>\n\n\n\n<p>\u00ab\u00a1Honor y gloria! \u00a1Venezuela te seguir\u00e1 aplaudiendo!\u00bb, expres\u00f3 con orgullo el Dignatario.<\/p>\n\n\n\n<p><strong>Prensa Presidencial\/ Irmary D\u00edaz<\/strong><\/p>\n\n\n\n<p><\/p>\n","protected":false},"excerpt":{"rendered":"<p>Palacio de Miraflores, Caracas. &#8211; Con motivo de la irreparable p\u00e9rdida f\u00edsica del director de cine venezolano, Luis Alberto Lamata, el presidente de la Rep\u00fablica Bolivariana de Venezuela, Nicol\u00e1s Maduro Moros, expres\u00f3 sus m\u00e1s sentidas condolencias a sus familiares, amigos y a toda la comunidad art\u00edstica del pa\u00eds. En este mismo orden, el Mandatario nacional [&hellip;]<\/p>\n","protected":false},"author":1,"featured_media":23311,"comment_status":"open","ping_status":"open","sticky":false,"template":"","format":"standard","meta":{"footnotes":""},"categories":[18,7],"tags":[150,19,557,20],"class_list":["post-23368","post","type-post","status-publish","format-standard","has-post-thumbnail","hentry","category-noticias-principales","category-notas-de-prensa","tag-con-maduro","tag-nicolas-maduro","tag-paz","tag-venezuela"],"_links":{"self":[{"href":"https:\/\/prensapresidencialvenezuela.gob.ve\/index.php\/wp-json\/wp\/v2\/posts\/23368","targetHints":{"allow":["GET"]}}],"collection":[{"href":"https:\/\/prensapresidencialvenezuela.gob.ve\/index.php\/wp-json\/wp\/v2\/posts"}],"about":[{"href":"https:\/\/prensapresidencialvenezuela.gob.ve\/index.php\/wp-json\/wp\/v2\/types\/post"}],"author":[{"embeddable":true,"href":"https:\/\/prensapresidencialvenezuela.gob.ve\/index.php\/wp-json\/wp\/v2\/users\/1"}],"replies":[{"embeddable":true,"href":"https:\/\/prensapresidencialvenezuela.gob.ve\/index.php\/wp-json\/wp\/v2\/comments?post=23368"}],"version-history":[{"count":2,"href":"https:\/\/prensapresidencialvenezuela.gob.ve\/index.php\/wp-json\/wp\/v2\/posts\/23368\/revisions"}],"predecessor-version":[{"id":23371,"href":"https:\/\/prensapresidencialvenezuela.gob.ve\/index.php\/wp-json\/wp\/v2\/posts\/23368\/revisions\/23371"}],"wp:featuredmedia":[{"embeddable":true,"href":"https:\/\/prensapresidencialvenezuela.gob.ve\/index.php\/wp-json\/wp\/v2\/media\/23311"}],"wp:attachment":[{"href":"https:\/\/prensapresidencialvenezuela.gob.ve\/index.php\/wp-json\/wp\/v2\/media?parent=23368"}],"wp:term":[{"taxonomy":"category","embeddable":true,"href":"https:\/\/prensapresidencialvenezuela.gob.ve\/index.php\/wp-json\/wp\/v2\/categories?post=23368"},{"taxonomy":"post_tag","embeddable":true,"href":"https:\/\/prensapresidencialvenezuela.gob.ve\/index.php\/wp-json\/wp\/v2\/tags?post=23368"}],"curies":[{"name":"wp","href":"https:\/\/api.w.org\/{rel}","templated":true}]}}