{"id":23372,"date":"2025-08-25T20:42:36","date_gmt":"2025-08-26T00:42:36","guid":{"rendered":"https:\/\/prensapresidencialvenezuela.gob.ve\/?p=23372"},"modified":"2025-08-25T20:42:36","modified_gmt":"2025-08-26T00:42:36","slug":"venezuela-esta-dando-la-batalla-a-la-llamada-guerra-cognitiva","status":"publish","type":"post","link":"https:\/\/prensapresidencialvenezuela.gob.ve\/index.php\/2025\/08\/25\/venezuela-esta-dando-la-batalla-a-la-llamada-guerra-cognitiva\/","title":{"rendered":"Venezuela est\u00e1 dando la batalla a la llamada guerra cognitiva"},"content":{"rendered":"\n<p><strong>Palacio de Miraflores, Caracas.-<\/strong> Cuestionando el mal uso de las nuevas tecnolog\u00edas, el Mandatario nacional, Nicol\u00e1s Maduro Moros, como parte de su segmento \u00ab<em>Zona Digital<\/em>\u00bb insisti\u00f3 en que toda la estrategia de las redes sociales, especialmente la de TikTok, guarda relaci\u00f3n con la llamada guerra cognitiva.<\/p>\n\n\n\n<p>El Presidente venezolano explic\u00f3 con argumentos importantes c\u00f3mo las redes sociales est\u00e1n neutralizando el cerebro del pueblo, especialmente de los j\u00f3venes. Reiter\u00f3 que no es un tema nuevo; ya que su impacto es notorio desde el aparecimiento de la televisi\u00f3n.<\/p>\n\n\n\n<p>\u00abSi el ser humano se individualiza a un nivel extremo y solamente est\u00e1 pendiente de lo que le diga aqu\u00ed las tendencias, el algoritmo y te captan aqu\u00ed con emociones, mensajes diarios de diversos signos, los poderes mundiales que controlan las redes sociales, a ese ser humano lo neutralizas. Esto es un tema que se viene analizando desde hace 80 a\u00f1os, 100 a\u00f1os\u00bb, enfatiz\u00f3 el Presidente Maduro.<\/p>\n\n\n\n<p>A juicio del jefe de Estado venezolano, la prensa tambi\u00e9n, en su momento, tuvo un papel determinante. \u00abUn peri\u00f3dico de prestigio dominante en un pa\u00eds o una ciudad sacaba un titular y esa era la pauta de la ciudad\u00bb, refiri\u00e9ndose con un hist\u00f3rico ejemplo sobre un diario de circulaci\u00f3n nacional el d\u00eda del Golpe de Estado contra el Comandante Hugo Ch\u00e1vez, aquel 11 de abril de 2002. En este contexto, el Dignatario nacional nuevamente alz\u00f3 su voz para denunciar la acciones del gobierno de los Estados Unidos, espec\u00edficamente del expresidente George W. Bush, y del gobierno de Espa\u00f1a, sobre tales hechos.<\/p>\n\n\n\n<p>Con especial \u00e9nfasis, el Presidente Nicol\u00e1s Maduro, dijo que en Venezuela se est\u00e1 haciendo un trabajo pedag\u00f3gico, metodol\u00f3gico y psicol\u00f3gico para construir una alternativa a las tendencias nocivas, perversas, que en las redes sociales se manejan. Alert\u00f3 el da\u00f1o que estas aplicaciones y el uso indiscriminado de estos equipos y de la tecnolog\u00eda est\u00e1 influyendo en la conducta humana, en la sociedad y en la familia.<\/p>\n\n\n\n<blockquote class=\"wp-block-quote is-layout-flow wp-block-quote-is-layout-flow\">\n<p>\u00abLes digo para los ni\u00f1os y ni\u00f1as, para los j\u00f3venes y para ustedes tambi\u00e9n, nosotros los adultos, menos pantalla, m\u00e1s pensamiento; menos pantalla, m\u00e1s lectura f\u00edsica y reflexi\u00f3n; menos pantalla, m\u00e1s introspecci\u00f3n, reflexi\u00f3n; menos pantalla, m\u00e1s oraci\u00f3n, menos pantalla, m\u00e1s conversaci\u00f3n humana\u00bb, fue la exhortaci\u00f3n del Jefe de Estado frente a este flagelo.<\/p>\n<\/blockquote>\n\n\n\n<p>El Mandatario nacional aprovech\u00f3 la oportunidad para informar que Venezuela ha avanzado vertiginosamente sobre el impacto que generan las redes sociales y los medios de comunicaci\u00f3n social debido a las constantes campa\u00f1as medi\u00e1ticas que el pueblo venezolano ha afrontado. \u00abObviamente el hecho de que Venezuela haya estado sometida a un ataque tan fuerte estos \u00faltimos 20 a\u00f1os, tengo la hip\u00f3tesis personal, que nos ha hecho mucho m\u00e1s avanzados y mucho m\u00e1s resistentes que el resto de la poblaci\u00f3n mundial\u00bb, manifest\u00f3 con orgullo el Presidente Nicol\u00e1s Maduro.<\/p>\n\n\n\n<p>El Dignatario nacional concluy\u00f3 el tema aconsejando a los padres y madres a proteger a los ni\u00f1os y despu\u00e9s proteger a la sociedad en general dando la batalla comunicacional. \u00abYo creo que nosotros estamos en el camino correcto, estamos dando en el clavo, pero adem\u00e1s estamos en un proceso natural de coincidencia y de encuentro con cientos de corrientes intelectuales de Espa\u00f1a, Estados Unidos, Europa, del mundo entero, que est\u00e1n hablando el mismo lenguaje que nosotros\u00bb, precis\u00f3.<\/p>\n\n\n\n<p><strong>Prensa Presidencial\/ Claudia Guerra M\u00e9ndez<\/strong><\/p>\n","protected":false},"excerpt":{"rendered":"<p>Palacio de Miraflores, Caracas.- Cuestionando el mal uso de las nuevas tecnolog\u00edas, el Mandatario nacional, Nicol\u00e1s Maduro Moros, como parte de su segmento \u00abZona Digital\u00bb insisti\u00f3 en que toda la estrategia de las redes sociales, especialmente la de TikTok, guarda relaci\u00f3n con la llamada guerra cognitiva. El Presidente venezolano explic\u00f3 con argumentos importantes c\u00f3mo las [&hellip;]<\/p>\n","protected":false},"author":1,"featured_media":23332,"comment_status":"open","ping_status":"open","sticky":false,"template":"","format":"standard","meta":{"footnotes":""},"categories":[18,7],"tags":[150,19,557,20],"class_list":["post-23372","post","type-post","status-publish","format-standard","has-post-thumbnail","hentry","category-noticias-principales","category-notas-de-prensa","tag-con-maduro","tag-nicolas-maduro","tag-paz","tag-venezuela"],"_links":{"self":[{"href":"https:\/\/prensapresidencialvenezuela.gob.ve\/index.php\/wp-json\/wp\/v2\/posts\/23372","targetHints":{"allow":["GET"]}}],"collection":[{"href":"https:\/\/prensapresidencialvenezuela.gob.ve\/index.php\/wp-json\/wp\/v2\/posts"}],"about":[{"href":"https:\/\/prensapresidencialvenezuela.gob.ve\/index.php\/wp-json\/wp\/v2\/types\/post"}],"author":[{"embeddable":true,"href":"https:\/\/prensapresidencialvenezuela.gob.ve\/index.php\/wp-json\/wp\/v2\/users\/1"}],"replies":[{"embeddable":true,"href":"https:\/\/prensapresidencialvenezuela.gob.ve\/index.php\/wp-json\/wp\/v2\/comments?post=23372"}],"version-history":[{"count":1,"href":"https:\/\/prensapresidencialvenezuela.gob.ve\/index.php\/wp-json\/wp\/v2\/posts\/23372\/revisions"}],"predecessor-version":[{"id":23373,"href":"https:\/\/prensapresidencialvenezuela.gob.ve\/index.php\/wp-json\/wp\/v2\/posts\/23372\/revisions\/23373"}],"wp:featuredmedia":[{"embeddable":true,"href":"https:\/\/prensapresidencialvenezuela.gob.ve\/index.php\/wp-json\/wp\/v2\/media\/23332"}],"wp:attachment":[{"href":"https:\/\/prensapresidencialvenezuela.gob.ve\/index.php\/wp-json\/wp\/v2\/media?parent=23372"}],"wp:term":[{"taxonomy":"category","embeddable":true,"href":"https:\/\/prensapresidencialvenezuela.gob.ve\/index.php\/wp-json\/wp\/v2\/categories?post=23372"},{"taxonomy":"post_tag","embeddable":true,"href":"https:\/\/prensapresidencialvenezuela.gob.ve\/index.php\/wp-json\/wp\/v2\/tags?post=23372"}],"curies":[{"name":"wp","href":"https:\/\/api.w.org\/{rel}","templated":true}]}}