{"id":23374,"date":"2025-08-25T20:52:28","date_gmt":"2025-08-26T00:52:28","guid":{"rendered":"https:\/\/prensapresidencialvenezuela.gob.ve\/?p=23374"},"modified":"2025-08-25T20:52:29","modified_gmt":"2025-08-26T00:52:29","slug":"fanb-poderosa-estructura-de-reaccion-inmediata-ante-arremetidas-imperiales","status":"publish","type":"post","link":"https:\/\/prensapresidencialvenezuela.gob.ve\/index.php\/2025\/08\/25\/fanb-poderosa-estructura-de-reaccion-inmediata-ante-arremetidas-imperiales\/","title":{"rendered":"FANB: Poderosa estructura de reacci\u00f3n inmediata ante arremetidas imperiales"},"content":{"rendered":"\n<p><strong>Palacio de Miraflores, Caracas. \u2013 \u00ab<\/strong>La Fuerza Armada Nacional Bolivariana (FANB), es el pueblo uniformado en armas y tiene una gran responsabilidad de garantizar y defender la soberan\u00eda del pa\u00eds, y no permitir que nadie la amenace y agreda\u00bb, asever\u00f3 el presidente de la Rep\u00fablica Bolivariana de Venezuela, Nicol\u00e1s Maduro Moros, durante el segmento<strong> <em>Con Maduro + Paz y Seguridad<\/em><\/strong>.<\/p>\n\n\n\n<p>En la misma l\u00ednea, el Presidente enfatiz\u00f3 que la FANB tiene grandes fortalezas, y son: una teor\u00eda poderosa, un concepto estrat\u00e9gico, doctrina y capacidad de acci\u00f3n inmediata, que se fortalecer\u00e1 a trav\u00e9s del estudio y preparaci\u00f3n permanente en la Universidad Militar Bolivariana de Venezuela (UMBV), con el objetivo de proteger a la Naci\u00f3n ante cualquier amenaza interna o externa.<\/p>\n\n\n\n<p>Durante un recuento hist\u00f3rico que dio el Mandatario Nacional, dijo que Venezuela ha estado construyendo un sistema complejo que va escribiendo una nueva historia militar para el pa\u00eds, desde la profundidad cronol\u00f3gica de 500 a\u00f1os del surgimiento de un ej\u00e9rcito poderoso.<\/p>\n\n\n\n<p>Por otra parte, se\u00f1al\u00f3 que las amenazas por las que atraviesa en el presente la Naci\u00f3n, son una gran oportunidad para crecer, tanto en lo cuantitativo, como en lo cualitativo y, de esta manera, avalar que cada territorio se mantenga inexpugnable, para siempre; porque es el legado del Comandante Ch\u00e1vez y de la generaci\u00f3n futura.<\/p>\n\n\n\n<p><\/p>\n\n\n\n<figure class=\"wp-block-image size-large\"><img fetchpriority=\"high\" decoding=\"async\" width=\"920\" height=\"1024\" src=\"https:\/\/prensapresidencialvenezuela.gob.ve\/wp-content\/uploads\/2025\/08\/photo_5001525876625616934_y-920x1024.jpg\" alt=\"\" class=\"wp-image-23331\" srcset=\"https:\/\/prensapresidencialvenezuela.gob.ve\/wp-content\/uploads\/2025\/08\/photo_5001525876625616934_y-920x1024.jpg 920w, https:\/\/prensapresidencialvenezuela.gob.ve\/wp-content\/uploads\/2025\/08\/photo_5001525876625616934_y-270x300.jpg 270w, https:\/\/prensapresidencialvenezuela.gob.ve\/wp-content\/uploads\/2025\/08\/photo_5001525876625616934_y-768x855.jpg 768w, https:\/\/prensapresidencialvenezuela.gob.ve\/wp-content\/uploads\/2025\/08\/photo_5001525876625616934_y.jpg 1150w\" sizes=\"(max-width: 920px) 100vw, 920px\" \/><\/figure>\n\n\n\n<p>Asimismo, el Comandante en Jefe de la FANB puntualiz\u00f3 que la labor de todos es preservar la independencia pa\u00eds, porque la amenaza contra Venezuela y el rugir del imperio norteamericano es contra toda Am\u00e9rica Latina; en vista que, \u00absu objetivo es hablar de gobernar al mundo, amenazando, y ese tiempo hist\u00f3rico tiene que acabarse\u00bb.<\/p>\n\n\n\n<p>Por lo antes expuesto, el L\u00edder venezolano destac\u00f3 que el sistema defensivo que se est\u00e1 construyendo en Revoluci\u00f3n, tienen un dise\u00f1o te\u00f3rico-cient\u00edfico del mayor nivel del mundo, y adem\u00e1s con oficiales que tienen la mayor preparaci\u00f3n acad\u00e9mica y moral del hemisferio.\u00a0<\/p>\n\n\n\n<p><strong>Prensa Presidencial\/ Irmary D\u00edaz<\/strong><\/p>\n\n\n\n<p><\/p>\n","protected":false},"excerpt":{"rendered":"<p>Palacio de Miraflores, Caracas. \u2013 \u00abLa Fuerza Armada Nacional Bolivariana (FANB), es el pueblo uniformado en armas y tiene una gran responsabilidad de garantizar y defender la soberan\u00eda del pa\u00eds, y no permitir que nadie la amenace y agreda\u00bb, asever\u00f3 el presidente de la Rep\u00fablica Bolivariana de Venezuela, Nicol\u00e1s Maduro Moros, durante el segmento Con [&hellip;]<\/p>\n","protected":false},"author":1,"featured_media":23324,"comment_status":"open","ping_status":"open","sticky":false,"template":"","format":"standard","meta":{"footnotes":""},"categories":[18,7],"tags":[150,65,19,557,20],"class_list":["post-23374","post","type-post","status-publish","format-standard","has-post-thumbnail","hentry","category-noticias-principales","category-notas-de-prensa","tag-con-maduro","tag-fanb","tag-nicolas-maduro","tag-paz","tag-venezuela"],"_links":{"self":[{"href":"https:\/\/prensapresidencialvenezuela.gob.ve\/index.php\/wp-json\/wp\/v2\/posts\/23374","targetHints":{"allow":["GET"]}}],"collection":[{"href":"https:\/\/prensapresidencialvenezuela.gob.ve\/index.php\/wp-json\/wp\/v2\/posts"}],"about":[{"href":"https:\/\/prensapresidencialvenezuela.gob.ve\/index.php\/wp-json\/wp\/v2\/types\/post"}],"author":[{"embeddable":true,"href":"https:\/\/prensapresidencialvenezuela.gob.ve\/index.php\/wp-json\/wp\/v2\/users\/1"}],"replies":[{"embeddable":true,"href":"https:\/\/prensapresidencialvenezuela.gob.ve\/index.php\/wp-json\/wp\/v2\/comments?post=23374"}],"version-history":[{"count":1,"href":"https:\/\/prensapresidencialvenezuela.gob.ve\/index.php\/wp-json\/wp\/v2\/posts\/23374\/revisions"}],"predecessor-version":[{"id":23375,"href":"https:\/\/prensapresidencialvenezuela.gob.ve\/index.php\/wp-json\/wp\/v2\/posts\/23374\/revisions\/23375"}],"wp:featuredmedia":[{"embeddable":true,"href":"https:\/\/prensapresidencialvenezuela.gob.ve\/index.php\/wp-json\/wp\/v2\/media\/23324"}],"wp:attachment":[{"href":"https:\/\/prensapresidencialvenezuela.gob.ve\/index.php\/wp-json\/wp\/v2\/media?parent=23374"}],"wp:term":[{"taxonomy":"category","embeddable":true,"href":"https:\/\/prensapresidencialvenezuela.gob.ve\/index.php\/wp-json\/wp\/v2\/categories?post=23374"},{"taxonomy":"post_tag","embeddable":true,"href":"https:\/\/prensapresidencialvenezuela.gob.ve\/index.php\/wp-json\/wp\/v2\/tags?post=23374"}],"curies":[{"name":"wp","href":"https:\/\/api.w.org\/{rel}","templated":true}]}}