{"id":23376,"date":"2025-08-25T21:04:35","date_gmt":"2025-08-26T01:04:35","guid":{"rendered":"https:\/\/prensapresidencialvenezuela.gob.ve\/?p=23376"},"modified":"2025-08-25T21:04:36","modified_gmt":"2025-08-26T01:04:36","slug":"venezuela-refuerza-la-defensa-territorial-con-unidades-de-reaccion-rapida-y-alistamiento-nacional","status":"publish","type":"post","link":"https:\/\/prensapresidencialvenezuela.gob.ve\/index.php\/2025\/08\/25\/venezuela-refuerza-la-defensa-territorial-con-unidades-de-reaccion-rapida-y-alistamiento-nacional\/","title":{"rendered":"Venezuela refuerza la defensa territorial con Unidades de Reacci\u00f3n R\u00e1pida y alistamiento nacional"},"content":{"rendered":"\n<p><strong>Palacio de Miraflores, Caracas.-<\/strong> Durante la edici\u00f3n 89 del programa \u00abCon Maduro +\u00bb, el presidente de la Rep\u00fablica Bolivariana de Venezuela, Nicol\u00e1s Maduro, acompa\u00f1ado del Alto Mando Militar, propuso una nueva fase en la estrategia de defensa nacional, enfocada en la expansi\u00f3n de las Unidades de Reacci\u00f3n R\u00e1pida (URRA) y la intensificaci\u00f3n del alistamiento c\u00edvico-militar.<\/p>\n\n\n\n<p>El General en Jefe Domingo Hern\u00e1ndez L\u00e1rez, Comandante Estrat\u00e9gico operacional de la Fuerza Armada Nacional Bolivariana (FANB), explic\u00f3 que las URRA son \u00abagrupaciones de fuerzas y medios de car\u00e1cter temporal\u00bb, dise\u00f1adas para misiones espec\u00edficas. Detall\u00f3 que estas unidades son desplegadas por un per\u00edodo no mayor a un mes.<\/p>\n\n\n\n<p>Hern\u00e1ndez L\u00e1rez destac\u00f3 que la FANB ha construido un sistema totalmente novedoso que marca una nueva historia militar para el pa\u00eds, que busca proteger el territorio de amenazas como el narcotr\u00e1fico, la delincuencia organizada y la trata de personas. Mencion\u00f3 el reciente \u00e9xito de una de estas unidades en las bocas del Orinoco, donde se descubrieron seis campamentos clandestinos asociados a estas actividades il\u00edcitas.<\/p>\n\n\n\n<p>Actualmente, las URRA est\u00e1n integradas por 10 mil personas en todo el pa\u00eds, organizadas, equipadas, adiestradas, de car\u00e1cter temporario y distribuidas en \u00a0nueve grandes unidades, precis\u00f3 Hern\u00e1ndez L\u00e1rez, quien subray\u00f3 que muchas de las misiones se realizan en colaboraci\u00f3n con comunidades ind\u00edgenas, fiscales ambientales, abogados y defensores p\u00fablicos, adaptando sus t\u00e1cticas a las particularidades de cada terreno y demostrando la verdadera unidad c\u00edvico-militar-policial.<\/p>\n\n\n\n<p>Por su parte, el Presidente Maduro enfatiz\u00f3 que las URRA deben tener capacidad de acci\u00f3n en todos los \u00e1mbitos del pa\u00eds, desde las zonas urbanas hasta las selvas y fronteras para consolidar \u00abun territorio inexpugnable\u00bb, afirm\u00f3, al referirse al objetivo de fortalecer la vigilancia, el patrullaje y la capacidad de combate en todo el territorio nacional.<\/p>\n\n\n\n<p><\/p>\n\n\n\n<figure class=\"wp-block-image size-large\"><img fetchpriority=\"high\" decoding=\"async\" width=\"923\" height=\"1024\" src=\"https:\/\/prensapresidencialvenezuela.gob.ve\/wp-content\/uploads\/2025\/08\/photo_5001525876625616954_y-923x1024.jpg\" alt=\"\" class=\"wp-image-23339\" srcset=\"https:\/\/prensapresidencialvenezuela.gob.ve\/wp-content\/uploads\/2025\/08\/photo_5001525876625616954_y-923x1024.jpg 923w, https:\/\/prensapresidencialvenezuela.gob.ve\/wp-content\/uploads\/2025\/08\/photo_5001525876625616954_y-270x300.jpg 270w, https:\/\/prensapresidencialvenezuela.gob.ve\/wp-content\/uploads\/2025\/08\/photo_5001525876625616954_y-768x852.jpg 768w, https:\/\/prensapresidencialvenezuela.gob.ve\/wp-content\/uploads\/2025\/08\/photo_5001525876625616954_y.jpg 1154w\" sizes=\"(max-width: 923px) 100vw, 923px\" \/><\/figure>\n\n\n\n<p><strong>Segunda jornada de alistamiento nacional<\/strong><\/p>\n\n\n\n<p>El Presidente Maduro aprovech\u00f3 el espacio para reiterar la segunda jornada de alistamiento de la Milicia Nacional Bolivariana (MNB), que se realizar\u00e1 el pr\u00f3ximo viernes 29 y s\u00e1bado 30 de agosto. El mandatario extendi\u00f3 la invitaci\u00f3n a todos los ciudadanos que deseen participar en el sistema defensivo nacional.<\/p>\n\n\n\n<p>El Mayor General Romero Bol\u00edvar, Comandante General de la MNB, agradeci\u00f3 la confianza depositada en \u00e9l para liderar lo que describi\u00f3 como el Ej\u00e9rcito del Pueblo. Destac\u00f3 la gran participaci\u00f3n en la primera jornada de alistamiento, asegurando que demuestra que la idiosincrasia se mantiene intacta en la poblaci\u00f3n venezolana.<\/p>\n\n\n\n<p><strong>Prensa Presidencial \/ Iliana Rosales<\/strong><\/p>\n","protected":false},"excerpt":{"rendered":"<p>Palacio de Miraflores, Caracas.- Durante la edici\u00f3n 89 del programa \u00abCon Maduro +\u00bb, el presidente de la Rep\u00fablica Bolivariana de Venezuela, Nicol\u00e1s Maduro, acompa\u00f1ado del Alto Mando Militar, propuso una nueva fase en la estrategia de defensa nacional, enfocada en la expansi\u00f3n de las Unidades de Reacci\u00f3n R\u00e1pida (URRA) y la intensificaci\u00f3n del alistamiento c\u00edvico-militar. [&hellip;]<\/p>\n","protected":false},"author":1,"featured_media":23314,"comment_status":"open","ping_status":"open","sticky":false,"template":"","format":"standard","meta":{"footnotes":""},"categories":[18,7],"tags":[65,1783,19,557,1787,20],"class_list":["post-23376","post","type-post","status-publish","format-standard","has-post-thumbnail","hentry","category-noticias-principales","category-notas-de-prensa","tag-fanb","tag-milicia-nacional-bolivariana","tag-nicolas-maduro","tag-paz","tag-urra","tag-venezuela"],"_links":{"self":[{"href":"https:\/\/prensapresidencialvenezuela.gob.ve\/index.php\/wp-json\/wp\/v2\/posts\/23376","targetHints":{"allow":["GET"]}}],"collection":[{"href":"https:\/\/prensapresidencialvenezuela.gob.ve\/index.php\/wp-json\/wp\/v2\/posts"}],"about":[{"href":"https:\/\/prensapresidencialvenezuela.gob.ve\/index.php\/wp-json\/wp\/v2\/types\/post"}],"author":[{"embeddable":true,"href":"https:\/\/prensapresidencialvenezuela.gob.ve\/index.php\/wp-json\/wp\/v2\/users\/1"}],"replies":[{"embeddable":true,"href":"https:\/\/prensapresidencialvenezuela.gob.ve\/index.php\/wp-json\/wp\/v2\/comments?post=23376"}],"version-history":[{"count":2,"href":"https:\/\/prensapresidencialvenezuela.gob.ve\/index.php\/wp-json\/wp\/v2\/posts\/23376\/revisions"}],"predecessor-version":[{"id":23379,"href":"https:\/\/prensapresidencialvenezuela.gob.ve\/index.php\/wp-json\/wp\/v2\/posts\/23376\/revisions\/23379"}],"wp:featuredmedia":[{"embeddable":true,"href":"https:\/\/prensapresidencialvenezuela.gob.ve\/index.php\/wp-json\/wp\/v2\/media\/23314"}],"wp:attachment":[{"href":"https:\/\/prensapresidencialvenezuela.gob.ve\/index.php\/wp-json\/wp\/v2\/media?parent=23376"}],"wp:term":[{"taxonomy":"category","embeddable":true,"href":"https:\/\/prensapresidencialvenezuela.gob.ve\/index.php\/wp-json\/wp\/v2\/categories?post=23376"},{"taxonomy":"post_tag","embeddable":true,"href":"https:\/\/prensapresidencialvenezuela.gob.ve\/index.php\/wp-json\/wp\/v2\/tags?post=23376"}],"curies":[{"name":"wp","href":"https:\/\/api.w.org\/{rel}","templated":true}]}}