{"id":23380,"date":"2025-08-25T21:26:22","date_gmt":"2025-08-26T01:26:22","guid":{"rendered":"https:\/\/prensapresidencialvenezuela.gob.ve\/?p=23380"},"modified":"2025-08-25T21:26:23","modified_gmt":"2025-08-26T01:26:23","slug":"inaugurada-farmacia-comunal-en-comuna-el-araguaney-y-sus-4-fuerzas","status":"publish","type":"post","link":"https:\/\/prensapresidencialvenezuela.gob.ve\/index.php\/2025\/08\/25\/inaugurada-farmacia-comunal-en-comuna-el-araguaney-y-sus-4-fuerzas\/","title":{"rendered":"Inaugurada Farmacia Comunal en Comuna El Araguaney y sus 4 Fuerzas"},"content":{"rendered":"\n<p><strong>Caucag\u00fcita, Miranda &#8211;<\/strong> En el kil\u00f3metro 15 de Caucag\u00fcita, del estado Miranda, la comuna El Araguaney y sus 4 Fuerzas dio un paso significativo hacia la autogesti\u00f3n y el bienestar de sus habitantes con la inauguraci\u00f3n de una farmacia comunal.<\/p>\n\n\n\n<p>El evento, que cont\u00f3 con la presencia del ministro del Poder Popular para las Comunas, Movimientos Sociales y Agricultura Urbana, \u00c1ngel Prado, y la vocera de la comuna, Lilibeth Quintero, fue transmitido por medio del programa semanal \u00abCon Maduro +\u00bb, donde se destac\u00f3 que este proyecto beneficiar\u00e1 a m\u00e1s de 2 mil 200 personas que residen en 15 edificios de la zona.<\/p>\n\n\n\n<p>Prado enfatiz\u00f3 que la farmacia representa una gran bendici\u00f3n para la comunidad, ya que elimina la necesidad de tomar dos transportes p\u00fablicos para adquirir medicamentos, permitiendo a los residentes acceder a ellos de manera inmediata y en su propio espacio.<\/p>\n\n\n\n<p>Por su parte, Lilibeth Quintero se refiri\u00f3 a la inauguraci\u00f3n como un sue\u00f1o hecho realidad y resalt\u00f3 el car\u00e1cter democr\u00e1tico del proyecto, se\u00f1alando que fue una iniciativa elegida por el pueblo a trav\u00e9s de una de las Consultas Populares. \u00abMientras nos quieren intervenir, estamos desde cada Comuna listos para defender la patria y, a trav\u00e9s de los proyectos comunales, dar la mayor felicidad posible\u00bb, afirm\u00f3, reforzando el compromiso de la comunidad con la defensa de su autonom\u00eda y el desarrollo local.<\/p>\n\n\n\n<p><\/p>\n\n\n\n<figure class=\"wp-block-image size-large\"><img fetchpriority=\"high\" decoding=\"async\" width=\"1024\" height=\"653\" src=\"https:\/\/prensapresidencialvenezuela.gob.ve\/wp-content\/uploads\/2025\/08\/photo_5001525876625616959_y-1024x653.jpg\" alt=\"\" class=\"wp-image-23342\" srcset=\"https:\/\/prensapresidencialvenezuela.gob.ve\/wp-content\/uploads\/2025\/08\/photo_5001525876625616959_y-1024x653.jpg 1024w, https:\/\/prensapresidencialvenezuela.gob.ve\/wp-content\/uploads\/2025\/08\/photo_5001525876625616959_y-300x191.jpg 300w, https:\/\/prensapresidencialvenezuela.gob.ve\/wp-content\/uploads\/2025\/08\/photo_5001525876625616959_y-768x490.jpg 768w, https:\/\/prensapresidencialvenezuela.gob.ve\/wp-content\/uploads\/2025\/08\/photo_5001525876625616959_y.jpg 1280w\" sizes=\"(max-width: 1024px) 100vw, 1024px\" \/><\/figure>\n\n\n\n<p><strong>Otros avances y proyectos comunitarios<\/strong><\/p>\n\n\n\n<p>La farmacia no es el \u00fanico logro de la Comuna. Los resultados de la Consulta Popular han impulsado otros proyectos claves que buscan mejorar la calidad de vida de los residentes:<\/p>\n\n\n\n<p>&#8211;<strong>Impermeabilizaci\u00f3n:<\/strong> Un 60% de avance en los trabajos para proteger las estructuras de los edificios.<\/p>\n\n\n\n<p>&#8211;<strong>Sistema de bombas de agua:<\/strong> Un 70% de avance.<br><br>&#8211;<strong>Rehabilitaci\u00f3n de accesos:<\/strong> Un 70% de avance en la mejora de las entradas a los edificios.<\/p>\n\n\n\n<p><strong>-N\u00facleo de Desarrollo End\u00f3geno:<\/strong> El proyecto que busca promover el desarrollo econ\u00f3mico tiene un 70% de avance.<\/p>\n\n\n\n<p><strong>-Equipamiento deportivo:<\/strong> Se ha avanzado en uno de los dos proyectos para dotar de equipos a una instalaci\u00f3n deportiva, en beneficio del sector juventud.<\/p>\n\n\n\n<p><strong>Prensa Presidencial \/ Iliana Rosales<\/strong><\/p>\n\n\n\n<p><\/p>\n","protected":false},"excerpt":{"rendered":"<p>Caucag\u00fcita, Miranda &#8211; En el kil\u00f3metro 15 de Caucag\u00fcita, del estado Miranda, la comuna El Araguaney y sus 4 Fuerzas dio un paso significativo hacia la autogesti\u00f3n y el bienestar de sus habitantes con la inauguraci\u00f3n de una farmacia comunal. El evento, que cont\u00f3 con la presencia del ministro del Poder Popular para las Comunas, [&hellip;]<\/p>\n","protected":false},"author":1,"featured_media":23340,"comment_status":"open","ping_status":"open","sticky":false,"template":"","format":"standard","meta":{"footnotes":""},"categories":[18,7],"tags":[81,19,557,20],"class_list":["post-23380","post","type-post","status-publish","format-standard","has-post-thumbnail","hentry","category-noticias-principales","category-notas-de-prensa","tag-comuna","tag-nicolas-maduro","tag-paz","tag-venezuela"],"_links":{"self":[{"href":"https:\/\/prensapresidencialvenezuela.gob.ve\/index.php\/wp-json\/wp\/v2\/posts\/23380","targetHints":{"allow":["GET"]}}],"collection":[{"href":"https:\/\/prensapresidencialvenezuela.gob.ve\/index.php\/wp-json\/wp\/v2\/posts"}],"about":[{"href":"https:\/\/prensapresidencialvenezuela.gob.ve\/index.php\/wp-json\/wp\/v2\/types\/post"}],"author":[{"embeddable":true,"href":"https:\/\/prensapresidencialvenezuela.gob.ve\/index.php\/wp-json\/wp\/v2\/users\/1"}],"replies":[{"embeddable":true,"href":"https:\/\/prensapresidencialvenezuela.gob.ve\/index.php\/wp-json\/wp\/v2\/comments?post=23380"}],"version-history":[{"count":1,"href":"https:\/\/prensapresidencialvenezuela.gob.ve\/index.php\/wp-json\/wp\/v2\/posts\/23380\/revisions"}],"predecessor-version":[{"id":23381,"href":"https:\/\/prensapresidencialvenezuela.gob.ve\/index.php\/wp-json\/wp\/v2\/posts\/23380\/revisions\/23381"}],"wp:featuredmedia":[{"embeddable":true,"href":"https:\/\/prensapresidencialvenezuela.gob.ve\/index.php\/wp-json\/wp\/v2\/media\/23340"}],"wp:attachment":[{"href":"https:\/\/prensapresidencialvenezuela.gob.ve\/index.php\/wp-json\/wp\/v2\/media?parent=23380"}],"wp:term":[{"taxonomy":"category","embeddable":true,"href":"https:\/\/prensapresidencialvenezuela.gob.ve\/index.php\/wp-json\/wp\/v2\/categories?post=23380"},{"taxonomy":"post_tag","embeddable":true,"href":"https:\/\/prensapresidencialvenezuela.gob.ve\/index.php\/wp-json\/wp\/v2\/tags?post=23380"}],"curies":[{"name":"wp","href":"https:\/\/api.w.org\/{rel}","templated":true}]}}