{"id":23382,"date":"2025-08-25T21:24:41","date_gmt":"2025-08-26T01:24:41","guid":{"rendered":"https:\/\/prensapresidencialvenezuela.gob.ve\/?p=23382"},"modified":"2025-08-25T21:24:42","modified_gmt":"2025-08-26T01:24:42","slug":"milicia-y-poder-comunal-fusion-perfecta-para-la-defensa-de-la-patria","status":"publish","type":"post","link":"https:\/\/prensapresidencialvenezuela.gob.ve\/index.php\/2025\/08\/25\/milicia-y-poder-comunal-fusion-perfecta-para-la-defensa-de-la-patria\/","title":{"rendered":"Milicia y Poder Comunal: Fusi\u00f3n perfecta para la defensa de la Patria"},"content":{"rendered":"\n<p><strong>Palacio de Miraflores, Caracas. \u2013 <\/strong>El vicepresidente Sectorial de Soberan\u00eda Pol\u00edtica, Seguridad y Paz, GJ Vladimir Padrino L\u00f3pez, precis\u00f3 con relaci\u00f3n a la jornada de alistamiento militar que se realiz\u00f3 el pasado fin de semana, en defensa de la paz y soberan\u00eda de la Naci\u00f3n, que este acto nacional fue una muestra efervescencia popular y bolivariana que se mantiene invicta.<\/p>\n\n\n\n<p>Asimismo, puntualiz\u00f3 que este llamado&nbsp; que realiz\u00f3 el jefe de Estado venezolano, Nicol\u00e1s Maduro Moros, servir\u00e1 para caracterizar a cada miliciano y miliciana por regiones, estados, municipios, parroquias y comunidades, por comunas, y de esta manera tener una perspectiva clara de c\u00f3mo emplear la milicia en el territorio.<\/p>\n\n\n\n<p>En este sentido, el tambi\u00e9n ministro del Popular para la Defensa, resalt\u00f3 que las comunas son el centro de compromiso principal que en el presente est\u00e1 construyendo el Mandatario venezolano, como parte del legado del Comandante Supremo Hugo Ch\u00e1vez, quien dej\u00f3 como tarea, la continuidad del camino de la Rep\u00fablica Bolivariana de Venezuela.<\/p>\n\n\n\n<p>Al respecto, el GJ Padrino L\u00f3pez afirm\u00f3 que desde el seno de la FANB se est\u00e1 trabajando en cuanto a la estructura del \u00e1mbito comunal, con los milicianos, precisando que \u00abcada comuna debe tener sus hombres armados\u00bb.<\/p>\n\n\n\n<p>Adem\u00e1s de ello, el Vicepresidente Sectorial acot\u00f3 que \u00abcada venezolano tiene una misi\u00f3n que cumplir, un lugar y un arma, porque no solo son las armas de la lucha no armada, sino tambi\u00e9n los fusiles de la Naci\u00f3n y las armas de la Rep\u00fablica\u00bb.<\/p>\n\n\n\n<p>El Ministro tambi\u00e9n se\u00f1al\u00f3 que est\u00e1n trabajando para que todas esas armas con la preservaci\u00f3n, cuidado y el control que tendr\u00e1 la Fuerza Armada Nacional Bolivariana (FANB) sobre ellas, est\u00e9n a disposici\u00f3n inmediata del pueblo para la defensa local en las comunas.&nbsp;<\/p>\n\n\n\n<p>Por \u00faltimo, destac\u00f3 que la Milicia Bolivariana tiene muchos empleos, y entre esos, est\u00e1n las fuerzas especiales; que con la visi\u00f3n de fortalecerla, cada uno de los componentes de la FANB se mantienen en constante estudio y an\u00e1lisis para la transformaci\u00f3n del cuerpo castrense, en base al Plan Ayacucho y el Plan de las 7T.<\/p>\n\n\n\n<p><strong>Prensa Presidencial\/ Irmary D\u00edaz<\/strong><\/p>\n","protected":false},"excerpt":{"rendered":"<p>Palacio de Miraflores, Caracas. \u2013 El vicepresidente Sectorial de Soberan\u00eda Pol\u00edtica, Seguridad y Paz, GJ Vladimir Padrino L\u00f3pez, precis\u00f3 con relaci\u00f3n a la jornada de alistamiento militar que se realiz\u00f3 el pasado fin de semana, en defensa de la paz y soberan\u00eda de la Naci\u00f3n, que este acto nacional fue una muestra efervescencia popular y [&hellip;]<\/p>\n","protected":false},"author":1,"featured_media":23320,"comment_status":"open","ping_status":"open","sticky":false,"template":"","format":"standard","meta":{"footnotes":""},"categories":[18,7],"tags":[65,1783,19,557,20],"class_list":["post-23382","post","type-post","status-publish","format-standard","has-post-thumbnail","hentry","category-noticias-principales","category-notas-de-prensa","tag-fanb","tag-milicia-nacional-bolivariana","tag-nicolas-maduro","tag-paz","tag-venezuela"],"_links":{"self":[{"href":"https:\/\/prensapresidencialvenezuela.gob.ve\/index.php\/wp-json\/wp\/v2\/posts\/23382","targetHints":{"allow":["GET"]}}],"collection":[{"href":"https:\/\/prensapresidencialvenezuela.gob.ve\/index.php\/wp-json\/wp\/v2\/posts"}],"about":[{"href":"https:\/\/prensapresidencialvenezuela.gob.ve\/index.php\/wp-json\/wp\/v2\/types\/post"}],"author":[{"embeddable":true,"href":"https:\/\/prensapresidencialvenezuela.gob.ve\/index.php\/wp-json\/wp\/v2\/users\/1"}],"replies":[{"embeddable":true,"href":"https:\/\/prensapresidencialvenezuela.gob.ve\/index.php\/wp-json\/wp\/v2\/comments?post=23382"}],"version-history":[{"count":1,"href":"https:\/\/prensapresidencialvenezuela.gob.ve\/index.php\/wp-json\/wp\/v2\/posts\/23382\/revisions"}],"predecessor-version":[{"id":23383,"href":"https:\/\/prensapresidencialvenezuela.gob.ve\/index.php\/wp-json\/wp\/v2\/posts\/23382\/revisions\/23383"}],"wp:featuredmedia":[{"embeddable":true,"href":"https:\/\/prensapresidencialvenezuela.gob.ve\/index.php\/wp-json\/wp\/v2\/media\/23320"}],"wp:attachment":[{"href":"https:\/\/prensapresidencialvenezuela.gob.ve\/index.php\/wp-json\/wp\/v2\/media?parent=23382"}],"wp:term":[{"taxonomy":"category","embeddable":true,"href":"https:\/\/prensapresidencialvenezuela.gob.ve\/index.php\/wp-json\/wp\/v2\/categories?post=23382"},{"taxonomy":"post_tag","embeddable":true,"href":"https:\/\/prensapresidencialvenezuela.gob.ve\/index.php\/wp-json\/wp\/v2\/tags?post=23382"}],"curies":[{"name":"wp","href":"https:\/\/api.w.org\/{rel}","templated":true}]}}