{"id":23390,"date":"2025-08-26T07:47:25","date_gmt":"2025-08-26T11:47:25","guid":{"rendered":"https:\/\/prensapresidencialvenezuela.gob.ve\/?p=23390"},"modified":"2025-08-26T07:47:26","modified_gmt":"2025-08-26T11:47:26","slug":"festival-nacional-de-teatro-venezolano-iniciara-en-todo-el-pais","status":"publish","type":"post","link":"https:\/\/prensapresidencialvenezuela.gob.ve\/index.php\/2025\/08\/26\/festival-nacional-de-teatro-venezolano-iniciara-en-todo-el-pais\/","title":{"rendered":"Festival Nacional de Teatro Venezolano iniciar\u00e1 en todo el pa\u00eds"},"content":{"rendered":"\n<p><strong>Palacio de Miraflores, Caracas.-<\/strong> Con m\u00e1s de 400 proyectos esc\u00e9nicos presentados, el ministro del Poder Popular para la Cultura, Ernesto Villegas, anunci\u00f3 junto al presidente Nicol\u00e1s Maduro Moros, y el Presidente de la Compa\u00f1\u00eda Nacional de Teatro,Carlos Arroyo, que desde el 28 hasta el 31 de agosto se dar\u00e1 inicio al Festival Nacional de Teatro Venezolano en todo el territorio nacional.<\/p>\n\n\n\n<p>El anuncio fue realizado en el segmento de Cultura del programa \u00abCon Maduro +\u00bb, tras las aspiraciones de la gente del teatro, en tener su propio festival venezolano.<\/p>\n\n\n\n<p>El Gobierno Bolivariano dio paso a la postulaci\u00f3n de obras, de diversa \u00edndole, para participar en este gran evento cultural en su primera fase. La segunda fase tendr\u00e1 lugar el mes de noviembre para totalizar a 155 grupos, en los que fueron seleccionados sus obras. \u00abEs un proceso de selecci\u00f3n sin exclusi\u00f3n, sino por el contrario, bueno, por la oportunidad que se abre\u00bb, destac\u00f3 el Ministro Villegas.<\/p>\n\n\n\n<p>El Presidente Nicol\u00e1s Maduro dijo que \u00abhay un crecimiento de la diversidad de la actividad teatral en el pa\u00eds. Y, sin lugar a dudas, creo que de este Festival Nacional m\u00e1s el Festival Internacional va surgiendo un nuevo movimiento teatral\u00bb.<\/p>\n\n\n\n<p>Haciendo \u00e9nfasis en que el Festival de Teatro Progresista debe apuntar a articular lo mejor de ese nuevo movimiento, el Mandatario nacional cree que en este espacio cultural est\u00e1 la fortaleza de la batalla que Venezuela est\u00e1 ganando por un nuevo mundo, por la paz, por la vida, por un mundo de gente pensante, de gente actuante, de gente humana para que sea humana la humanidad.<\/p>\n\n\n\n<p><\/p>\n\n\n\n<figure class=\"wp-block-image size-large\"><img fetchpriority=\"high\" decoding=\"async\" width=\"1024\" height=\"682\" src=\"https:\/\/prensapresidencialvenezuela.gob.ve\/wp-content\/uploads\/2025\/08\/photo_5001525876625616965_y-1024x682.jpg\" alt=\"\" class=\"wp-image-23347\" srcset=\"https:\/\/prensapresidencialvenezuela.gob.ve\/wp-content\/uploads\/2025\/08\/photo_5001525876625616965_y-1024x682.jpg 1024w, https:\/\/prensapresidencialvenezuela.gob.ve\/wp-content\/uploads\/2025\/08\/photo_5001525876625616965_y-300x200.jpg 300w, https:\/\/prensapresidencialvenezuela.gob.ve\/wp-content\/uploads\/2025\/08\/photo_5001525876625616965_y-768x512.jpg 768w, https:\/\/prensapresidencialvenezuela.gob.ve\/wp-content\/uploads\/2025\/08\/photo_5001525876625616965_y.jpg 1280w\" sizes=\"(max-width: 1024px) 100vw, 1024px\" \/><\/figure>\n\n\n\n<p>Tras la narraci\u00f3n de an\u00e9cdotas asociadas a su juventud y la cultura teatral, el jefe de Estado venezolano indic\u00f3 que el Festival de Teatro va a estar en todos los circuitos comunales para ir sembrando las semillas de la inquietud del teatro en estos espacios populares.<\/p>\n\n\n\n<blockquote class=\"wp-block-quote is-layout-flow wp-block-quote-is-layout-flow\">\n<p>\u00abEs una apuesta a nuestra cultura, a una formaci\u00f3n humanista y a que sea humana la humanidad. As\u00ed que no se pierdan, no se pierdan el poderoso movimiento de teatro que va a presentar 155 obras del jueves 28 al domingo 31 (de agosto) en los 24 estados del pa\u00eds, m\u00e1s en la capital, Caracas. La fiesta del teatro y para traer buenos recuerdos, en la poes\u00eda y el canto de Al\u00ed\u00bb, refiri\u00f3 el Presidente Maduro para procurar m\u00e1xima participaci\u00f3n.<\/p>\n<\/blockquote>\n\n\n\n<p><strong>Prensa Presidencial\/ Claudia Guerra M\u00e9ndez<\/strong><\/p>\n","protected":false},"excerpt":{"rendered":"<p>Palacio de Miraflores, Caracas.- Con m\u00e1s de 400 proyectos esc\u00e9nicos presentados, el ministro del Poder Popular para la Cultura, Ernesto Villegas, anunci\u00f3 junto al presidente Nicol\u00e1s Maduro Moros, y el Presidente de la Compa\u00f1\u00eda Nacional de Teatro,Carlos Arroyo, que desde el 28 hasta el 31 de agosto se dar\u00e1 inicio al Festival Nacional de Teatro [&hellip;]<\/p>\n","protected":false},"author":1,"featured_media":23350,"comment_status":"open","ping_status":"open","sticky":false,"template":"","format":"standard","meta":{"footnotes":""},"categories":[18,7],"tags":[460,19,27,1788,20],"class_list":["post-23390","post","type-post","status-publish","format-standard","has-post-thumbnail","hentry","category-noticias-principales","category-notas-de-prensa","tag-cultura","tag-nicolas-maduro","tag-revolucion-bolivariana","tag-teatro-nacional-venezolano","tag-venezuela"],"_links":{"self":[{"href":"https:\/\/prensapresidencialvenezuela.gob.ve\/index.php\/wp-json\/wp\/v2\/posts\/23390","targetHints":{"allow":["GET"]}}],"collection":[{"href":"https:\/\/prensapresidencialvenezuela.gob.ve\/index.php\/wp-json\/wp\/v2\/posts"}],"about":[{"href":"https:\/\/prensapresidencialvenezuela.gob.ve\/index.php\/wp-json\/wp\/v2\/types\/post"}],"author":[{"embeddable":true,"href":"https:\/\/prensapresidencialvenezuela.gob.ve\/index.php\/wp-json\/wp\/v2\/users\/1"}],"replies":[{"embeddable":true,"href":"https:\/\/prensapresidencialvenezuela.gob.ve\/index.php\/wp-json\/wp\/v2\/comments?post=23390"}],"version-history":[{"count":1,"href":"https:\/\/prensapresidencialvenezuela.gob.ve\/index.php\/wp-json\/wp\/v2\/posts\/23390\/revisions"}],"predecessor-version":[{"id":23391,"href":"https:\/\/prensapresidencialvenezuela.gob.ve\/index.php\/wp-json\/wp\/v2\/posts\/23390\/revisions\/23391"}],"wp:featuredmedia":[{"embeddable":true,"href":"https:\/\/prensapresidencialvenezuela.gob.ve\/index.php\/wp-json\/wp\/v2\/media\/23350"}],"wp:attachment":[{"href":"https:\/\/prensapresidencialvenezuela.gob.ve\/index.php\/wp-json\/wp\/v2\/media?parent=23390"}],"wp:term":[{"taxonomy":"category","embeddable":true,"href":"https:\/\/prensapresidencialvenezuela.gob.ve\/index.php\/wp-json\/wp\/v2\/categories?post=23390"},{"taxonomy":"post_tag","embeddable":true,"href":"https:\/\/prensapresidencialvenezuela.gob.ve\/index.php\/wp-json\/wp\/v2\/tags?post=23390"}],"curies":[{"name":"wp","href":"https:\/\/api.w.org\/{rel}","templated":true}]}}