{"id":23395,"date":"2025-08-27T13:23:23","date_gmt":"2025-08-27T17:23:23","guid":{"rendered":"https:\/\/prensapresidencialvenezuela.gob.ve\/?p=23395"},"modified":"2025-08-27T13:23:24","modified_gmt":"2025-08-27T17:23:24","slug":"jefe-de-estado-venezolano-recibe-cartas-credenciales-por-parte-de-la-republica-de-belarus","status":"publish","type":"post","link":"https:\/\/prensapresidencialvenezuela.gob.ve\/index.php\/2025\/08\/27\/jefe-de-estado-venezolano-recibe-cartas-credenciales-por-parte-de-la-republica-de-belarus\/","title":{"rendered":"Jefe de Estado venezolano recibe Cartas Credenciales por parte de la Rep\u00fablica de Belar\u00fas"},"content":{"rendered":"\n<p><strong>Palacio de Miraflores, Caracas. \u2013<\/strong> Este mi\u00e9rcoles, el presidente de la Rep\u00fablica Bolivariana de Venezuela, Nicol\u00e1s Maduro Moros, sostuvo un encuentro con el Embajador Extraordinario y Plenipotenciario de la Rep\u00fablica de Belar\u00fas ante la Rep\u00fablica Bolivariana de Venezuela, Dzmitry Dzeravinski en el Sal\u00f3n Sol del Per\u00fa del Complejo de Miraflores.<\/p>\n\n\n\n<p>Durante la actividad, el Mandatario Nacional recibi\u00f3 Cartas Credenciales por parte del representante de la Rep\u00fablica de Belar\u00fas, con el objetivo de reafirmar las alianzas que se han establecido entre ambas naciones, basadas en una ruta de cooperaci\u00f3n activa para los pr\u00f3ximos diez a\u00f1os, as\u00ed como una postura compartida sobre el nuevo orden multipolar.<\/p>\n\n\n\n<p>En este sentido, es de inter\u00e9s recordar que, en el 2024, ambos pa\u00edses consolidaron planes importantes con el prop\u00f3sito de continuar afianzando los lazos de amistad establecidos en la similitud de puntos de vista sobre el orden mundial y multic\u00e9ntrico.<\/p>\n\n\n\n<p><strong>Rutas de cooperaci\u00f3n<\/strong><\/p>\n\n\n\n<p>Las agendas que se han trazado Belar\u00fas y Venezuela, en este \u00faltimo a\u00f1o, est\u00e1n asociadas a la producci\u00f3n de alimentos, comercio, industria petroqu\u00edmica y reactivaci\u00f3n de f\u00e1bricas y maquinaria pesada, aunado a la posibilidad de intercambio con empresarios venezolanos en el \u00e1mbito de la metalmec\u00e1nica y el sector el\u00e9ctrico.<\/p>\n\n\n\n<p>Los objetivos estrat\u00e9gicos de ambas naciones est\u00e1n enfocados en promover la producci\u00f3n nacional y fomentar la exportaci\u00f3n, mediante la potencial explotaci\u00f3n de los sectores: transporte, miner\u00eda, industria, forestal, universitaria, turismo, salud, farmac\u00e9utica, vivienda, agricultura y Zonas Econ\u00f3micas Especiales (ZEE).<strong><\/strong><\/p>\n\n\n\n<p><\/p>\n\n\n\n<figure class=\"wp-block-image size-large\"><img fetchpriority=\"high\" decoding=\"async\" width=\"906\" height=\"1024\" src=\"https:\/\/prensapresidencialvenezuela.gob.ve\/wp-content\/uploads\/2025\/08\/photo_5005973706102650268_y-906x1024.jpg\" alt=\"\" class=\"wp-image-23407\" srcset=\"https:\/\/prensapresidencialvenezuela.gob.ve\/wp-content\/uploads\/2025\/08\/photo_5005973706102650268_y-906x1024.jpg 906w, https:\/\/prensapresidencialvenezuela.gob.ve\/wp-content\/uploads\/2025\/08\/photo_5005973706102650268_y-265x300.jpg 265w, https:\/\/prensapresidencialvenezuela.gob.ve\/wp-content\/uploads\/2025\/08\/photo_5005973706102650268_y-768x868.jpg 768w, https:\/\/prensapresidencialvenezuela.gob.ve\/wp-content\/uploads\/2025\/08\/photo_5005973706102650268_y.jpg 1132w\" sizes=\"(max-width: 906px) 100vw, 906px\" \/><\/figure>\n\n\n\n<p><strong>Trayectoria diplom\u00e1tica<\/strong><\/p>\n\n\n\n<p>El Embajador Extraordinario y Plenipotenciario de la Rep\u00fablica de Belar\u00fas, Dzmitry Dzeravinski, fue egresado de la Universidad Estatal Ling\u00fc\u00edstica de Minsk en el a\u00f1o 2001.<\/p>\n\n\n\n<p>Para el per\u00edodo <strong><em>2007- 2010<\/em><\/strong>, se desempe\u00f1\u00f3 como Experto del Sector de Relaciones con las C\u00e1maras Regionales de Comercio e Industria del Departamento de Relaciones Econ\u00f3micas Externas de la Empresa Unitaria \u00abSucursal de Minsk de la C\u00e1mara de comercio e industria de Belar\u00fas\u00bb.<\/p>\n\n\n\n<p>Luego, entre <strong><em>2010-2012<\/em><\/strong>, se destac\u00f3 como Segundo Secretario de la Secci\u00f3n de Am\u00e9rica Latina del Ministerio de Asuntos Exteriores de la Rep\u00fablica de Belar\u00fas. Seguidamente, entre el a\u00f1o <strong><em>2012-2016<\/em><\/strong>, continu\u00f3 su servicio diplom\u00e1tico, esta vez como representante de la Embajada de la Rep\u00fablica de Belar\u00fas en la Rep\u00fablica Bolivariana de Venezuela.<\/p>\n\n\n\n<p>Entre otro de los cargos de gran responsabilidad de Dzmitry Dzeravinski, se encuentra su desempe\u00f1o como Director Adjunto del Departamento General-Director de la Secci\u00f3n de Am\u00e9rica Latina del Departamento General de Asia, \u00c1frica y Am\u00e9rica Latina del Ministerio de Asuntos Exteriores de la Rep\u00fablica de Belar\u00fas.<\/p>\n\n\n\n<p>Con este acto, ambos pueblos ratifican que se mantienen con miras a establecer bases m\u00e1s s\u00f3lidas, mercados y capacidades productivas, aunado a un horizonte de expansi\u00f3n en funci\u00f3n del desarrollo de estos pueblos que se ha visto impulsado por una visi\u00f3n geopol\u00edtica compartida.<\/p>\n\n\n\n<p><strong>Prensa Presidencial\/ Irmary D\u00edaz <\/strong><strong><\/strong><\/p>\n\n\n\n<p><\/p>\n","protected":false},"excerpt":{"rendered":"<p>Palacio de Miraflores, Caracas. \u2013 Este mi\u00e9rcoles, el presidente de la Rep\u00fablica Bolivariana de Venezuela, Nicol\u00e1s Maduro Moros, sostuvo un encuentro con el Embajador Extraordinario y Plenipotenciario de la Rep\u00fablica de Belar\u00fas ante la Rep\u00fablica Bolivariana de Venezuela, Dzmitry Dzeravinski en el Sal\u00f3n Sol del Per\u00fa del Complejo de Miraflores. Durante la actividad, el Mandatario [&hellip;]<\/p>\n","protected":false},"author":1,"featured_media":23406,"comment_status":"open","ping_status":"open","sticky":false,"template":"","format":"standard","meta":{"footnotes":""},"categories":[18,7],"tags":[618,823,19,27,20],"class_list":["post-23395","post","type-post","status-publish","format-standard","has-post-thumbnail","hentry","category-noticias-principales","category-notas-de-prensa","tag-belarus","tag-diplomacia","tag-nicolas-maduro","tag-revolucion-bolivariana","tag-venezuela"],"_links":{"self":[{"href":"https:\/\/prensapresidencialvenezuela.gob.ve\/index.php\/wp-json\/wp\/v2\/posts\/23395","targetHints":{"allow":["GET"]}}],"collection":[{"href":"https:\/\/prensapresidencialvenezuela.gob.ve\/index.php\/wp-json\/wp\/v2\/posts"}],"about":[{"href":"https:\/\/prensapresidencialvenezuela.gob.ve\/index.php\/wp-json\/wp\/v2\/types\/post"}],"author":[{"embeddable":true,"href":"https:\/\/prensapresidencialvenezuela.gob.ve\/index.php\/wp-json\/wp\/v2\/users\/1"}],"replies":[{"embeddable":true,"href":"https:\/\/prensapresidencialvenezuela.gob.ve\/index.php\/wp-json\/wp\/v2\/comments?post=23395"}],"version-history":[{"count":2,"href":"https:\/\/prensapresidencialvenezuela.gob.ve\/index.php\/wp-json\/wp\/v2\/posts\/23395\/revisions"}],"predecessor-version":[{"id":23411,"href":"https:\/\/prensapresidencialvenezuela.gob.ve\/index.php\/wp-json\/wp\/v2\/posts\/23395\/revisions\/23411"}],"wp:featuredmedia":[{"embeddable":true,"href":"https:\/\/prensapresidencialvenezuela.gob.ve\/index.php\/wp-json\/wp\/v2\/media\/23406"}],"wp:attachment":[{"href":"https:\/\/prensapresidencialvenezuela.gob.ve\/index.php\/wp-json\/wp\/v2\/media?parent=23395"}],"wp:term":[{"taxonomy":"category","embeddable":true,"href":"https:\/\/prensapresidencialvenezuela.gob.ve\/index.php\/wp-json\/wp\/v2\/categories?post=23395"},{"taxonomy":"post_tag","embeddable":true,"href":"https:\/\/prensapresidencialvenezuela.gob.ve\/index.php\/wp-json\/wp\/v2\/tags?post=23395"}],"curies":[{"name":"wp","href":"https:\/\/api.w.org\/{rel}","templated":true}]}}