{"id":23397,"date":"2025-08-27T13:29:01","date_gmt":"2025-08-27T17:29:01","guid":{"rendered":"https:\/\/prensapresidencialvenezuela.gob.ve\/?p=23397"},"modified":"2025-08-27T13:29:02","modified_gmt":"2025-08-27T17:29:02","slug":"embajador-de-camboya-entrega-cartas-credenciales-al-presidente-nicolas-maduro","status":"publish","type":"post","link":"https:\/\/prensapresidencialvenezuela.gob.ve\/index.php\/2025\/08\/27\/embajador-de-camboya-entrega-cartas-credenciales-al-presidente-nicolas-maduro\/","title":{"rendered":"Embajador de Camboya entrega Cartas Credenciales al Presidente Nicol\u00e1s Maduro"},"content":{"rendered":"\n<p><strong>Palacio de Miraflores, Caracas. \u2013 <\/strong>La Rep\u00fablica Bolivariana de Venezuela y Reino de Camboya se mantienen enfocadas en el fortalecimiento de los v\u00ednculos bilaterales y de cooperaci\u00f3n en \u00e1reas que contribuyan al desarrollo pol\u00edtico, econ\u00f3mico, comercial, cient\u00edfico, t\u00e9cnico y cultural entre ambas naciones.<\/p>\n\n\n\n<p>Con el objetivo de dar continuidad a estos lazos de cooperaci\u00f3n que est\u00e1n direccionados en consolidar la estrecha relaci\u00f3n de amistad que define la Diplomacia Bolivariana de Paz de la Naci\u00f3n venezolana, el jefe de Estado Nicol\u00e1s Maduro Moros, recibi\u00f3 las Cartas Credenciales por parte del Embajador Extraordinario y Plenipotenciario del Reino de Camboya ante la Rep\u00fablica de Cuba y concurrente para la Rep\u00fablica de Nicaragua y la Rep\u00fablica Bolivariana de Venezuela, Chea Thireak.<\/p>\n\n\n\n<p>En este contexto, la voluntad de ambas naciones est\u00e1 orientada a la consolidaci\u00f3n de las relaciones entre pa\u00edses, sus pueblos y sus gobiernos, a trav\u00e9s del fortalecimiento y la profundizaci\u00f3n de los lazos de amistad, cooperaci\u00f3n y solidaridad entre los parlamentos y sus parlamentarios y parlamentarias, en vista que su inter\u00e9s com\u00fan est\u00e1 en consolidar Grupos de Amistad Parlamentaria.<\/p>\n\n\n\n<p><strong>Participaci\u00f3n cient\u00edfica de Venezuela en Camboya <\/strong><strong><\/strong><\/p>\n\n\n\n<p>Como parte de las alianzas, Venezuela se destac\u00f3 una vez m\u00e1s con la participaci\u00f3n de los \u00abSemilleros de la Patria\u00bb, en el ALOHA Mental Arithmetic 2025 en Camboya, donde obtuvieron un total de cinco trofeos: en el primer, segundo y tercer lugar del campeonato. Mostraron ante los ojos del mundo que la naci\u00f3n latina construye con fuerza una cultura cient\u00edfica e innovadora en la que el conocimiento est\u00e1 a favor del buen vivir del pueblo.<\/p>\n\n\n\n<p>En esta l\u00ednea, es relevante mencionar que esta competencia internacional se ha logrado mediante las pol\u00edticas del Gobierno Nacional, a trav\u00e9s del Ministerio del Poder Popular para Ciencia y Tecnolog\u00eda, para fortalecer las pol\u00edticas en las \u00e1reas de conocimientos cient\u00edficos, con el fin de incentivar las vocaciones desde edades tempranas.<\/p>\n\n\n\n<p><\/p>\n\n\n\n<figure class=\"wp-block-image size-large\"><img fetchpriority=\"high\" decoding=\"async\" width=\"891\" height=\"1024\" src=\"https:\/\/prensapresidencialvenezuela.gob.ve\/wp-content\/uploads\/2025\/08\/photo_5006195876170935831_y-891x1024.jpg\" alt=\"\" class=\"wp-image-23415\" srcset=\"https:\/\/prensapresidencialvenezuela.gob.ve\/wp-content\/uploads\/2025\/08\/photo_5006195876170935831_y-891x1024.jpg 891w, https:\/\/prensapresidencialvenezuela.gob.ve\/wp-content\/uploads\/2025\/08\/photo_5006195876170935831_y-261x300.jpg 261w, https:\/\/prensapresidencialvenezuela.gob.ve\/wp-content\/uploads\/2025\/08\/photo_5006195876170935831_y-768x882.jpg 768w, https:\/\/prensapresidencialvenezuela.gob.ve\/wp-content\/uploads\/2025\/08\/photo_5006195876170935831_y.jpg 1114w\" sizes=\"(max-width: 891px) 100vw, 891px\" \/><\/figure>\n\n\n\n<p><strong>Trayectoria profesional&nbsp; <\/strong><strong><\/strong><\/p>\n\n\n\n<ul class=\"wp-block-list\">\n<li>El Embajador del Reino de Camboya cuenta con una licenciatura en Educaci\u00f3n de Franc\u00e9s, Universidad Real de Nom Pen, Camboya, que obtuvo entre el a\u00f1o 1991-1996.<\/li>\n<\/ul>\n\n\n\n<p>Adem\u00e1s, posee una Maestr\u00eda en Pol\u00edtica Internacional del Centro Europeo de Investigaci\u00f3n Internacional y Estrat\u00e9gica (CERIS), B\u00e9lgica (2008-2009) y un Diplomado de Alto Funcionario (Secci\u00f3n de Diplomacia) de la Real Escuela de Administraci\u00f3n, Nom Pen, Camboya (2000-2001), entre otros t\u00edtulos que contribuyeron a su formaci\u00f3n acad\u00e9mica.<\/p>\n\n\n\n<p><strong>Entre los cargos que desempe\u00f1\u00f3 est\u00e1n los siguientes: <\/strong><strong><\/strong><\/p>\n\n\n\n<ul class=\"wp-block-list\">\n<li>Oficial del Ministerio de Relaciones Exteriores y Cooperaci\u00f3n Internacional (1999-2002).<\/li>\n\n\n\n<li>Primer Secretario de la Embajada Real de Camboya en Bruselas, B\u00e9lgica (2007-2010).<\/li>\n\n\n\n<li>Embajador \/ Jefe de Misi\u00f3n en Benelux (grupo de pa\u00edses B\u00e9lgica, Holanda y Luxemburgo), Austria y Uni\u00f3n Europea (2015-2018).<\/li>\n\n\n\n<li>Vicepresidente del Instituto Nacional de la Diplomacia y las Relaciones Internacionales (2018-2019).<\/li>\n\n\n\n<li>Embajador residente ante la Rep\u00fablica de Cuba, Nicaragua y Venezuela desde el 03 de noviembre de 2022.<\/li>\n<\/ul>\n\n\n\n<p>Con este encuentro se refuerzan los lazos de amistad y cooperaci\u00f3n que tambi\u00e9n ser\u00e1n desarrollados y fortalecidos en multilaterales, en beneficio de ambos pueblos.<\/p>\n\n\n\n<p><strong>Prensa Presidencial\/ Irmary D\u00edaz <\/strong><strong><\/strong><\/p>\n","protected":false},"excerpt":{"rendered":"<p>Palacio de Miraflores, Caracas. \u2013 La Rep\u00fablica Bolivariana de Venezuela y Reino de Camboya se mantienen enfocadas en el fortalecimiento de los v\u00ednculos bilaterales y de cooperaci\u00f3n en \u00e1reas que contribuyan al desarrollo pol\u00edtico, econ\u00f3mico, comercial, cient\u00edfico, t\u00e9cnico y cultural entre ambas naciones. Con el objetivo de dar continuidad a estos lazos de cooperaci\u00f3n que [&hellip;]<\/p>\n","protected":false},"author":1,"featured_media":23413,"comment_status":"open","ping_status":"open","sticky":false,"template":"","format":"standard","meta":{"footnotes":""},"categories":[18,7],"tags":[1789,823,19,27,20],"class_list":["post-23397","post","type-post","status-publish","format-standard","has-post-thumbnail","hentry","category-noticias-principales","category-notas-de-prensa","tag-camboya","tag-diplomacia","tag-nicolas-maduro","tag-revolucion-bolivariana","tag-venezuela"],"_links":{"self":[{"href":"https:\/\/prensapresidencialvenezuela.gob.ve\/index.php\/wp-json\/wp\/v2\/posts\/23397","targetHints":{"allow":["GET"]}}],"collection":[{"href":"https:\/\/prensapresidencialvenezuela.gob.ve\/index.php\/wp-json\/wp\/v2\/posts"}],"about":[{"href":"https:\/\/prensapresidencialvenezuela.gob.ve\/index.php\/wp-json\/wp\/v2\/types\/post"}],"author":[{"embeddable":true,"href":"https:\/\/prensapresidencialvenezuela.gob.ve\/index.php\/wp-json\/wp\/v2\/users\/1"}],"replies":[{"embeddable":true,"href":"https:\/\/prensapresidencialvenezuela.gob.ve\/index.php\/wp-json\/wp\/v2\/comments?post=23397"}],"version-history":[{"count":2,"href":"https:\/\/prensapresidencialvenezuela.gob.ve\/index.php\/wp-json\/wp\/v2\/posts\/23397\/revisions"}],"predecessor-version":[{"id":23416,"href":"https:\/\/prensapresidencialvenezuela.gob.ve\/index.php\/wp-json\/wp\/v2\/posts\/23397\/revisions\/23416"}],"wp:featuredmedia":[{"embeddable":true,"href":"https:\/\/prensapresidencialvenezuela.gob.ve\/index.php\/wp-json\/wp\/v2\/media\/23413"}],"wp:attachment":[{"href":"https:\/\/prensapresidencialvenezuela.gob.ve\/index.php\/wp-json\/wp\/v2\/media?parent=23397"}],"wp:term":[{"taxonomy":"category","embeddable":true,"href":"https:\/\/prensapresidencialvenezuela.gob.ve\/index.php\/wp-json\/wp\/v2\/categories?post=23397"},{"taxonomy":"post_tag","embeddable":true,"href":"https:\/\/prensapresidencialvenezuela.gob.ve\/index.php\/wp-json\/wp\/v2\/tags?post=23397"}],"curies":[{"name":"wp","href":"https:\/\/api.w.org\/{rel}","templated":true}]}}