{"id":23399,"date":"2025-08-27T14:00:51","date_gmt":"2025-08-27T18:00:51","guid":{"rendered":"https:\/\/prensapresidencialvenezuela.gob.ve\/?p=23399"},"modified":"2025-08-27T14:00:51","modified_gmt":"2025-08-27T18:00:51","slug":"venezuela-y-azerbaiyan-profundizan-lazos-de-amistad-y-cooperacion","status":"publish","type":"post","link":"https:\/\/prensapresidencialvenezuela.gob.ve\/index.php\/2025\/08\/27\/venezuela-y-azerbaiyan-profundizan-lazos-de-amistad-y-cooperacion\/","title":{"rendered":"Venezuela y Azerbaiy\u00e1n profundizan lazos de amistad y cooperaci\u00f3n"},"content":{"rendered":"\n<p><\/p>\n\n\n\n<p><strong>Palacio de Miraflores, Caracas. \u2013 <\/strong>Desde el Sal\u00f3n Sol del Per\u00fa, el presidente de la Rep\u00fablica Bolivariana de Venezuela, Nicol\u00e1s Maduro Moros,recibi\u00f3 Cartas Credenciales por parte del Embajador de la Rep\u00fablica de Azerbaiy\u00e1n en la Rep\u00fablica Bolivariana de Venezuela, Ruslan Rzayev, con el prop\u00f3sito de afianzar las relaciones diplom\u00e1ticas que priorizan la solidaridad y el desarrollo soberano.<\/p>\n\n\n\n<p>Con este encuentro, Venezuela y Azerbaiy\u00e1n fortalecen su alianza estrat\u00e9gica y una visi\u00f3n compartida de desarrollo y soberan\u00eda en el \u00e1mbito multilateral; ya que ambas naciones han suscrito contratos en materia tur\u00edstica y acuerdos en el \u00e1rea pol\u00edtica, robusteciendo as\u00ed la agenda internacional del pa\u00eds.<\/p>\n\n\n\n<p><strong>Alianza tur\u00edstica<\/strong><\/p>\n\n\n\n<p>En materia de turismo, Venezuela y Azerbaiy\u00e1n firmaron nuevos convenios en la Rueda de Negocios Internacional 2025 que se desarroll\u00f3 en la ciudad de Caracas para estrechar alianzas entre la operadora tur\u00edstica del Estado, Venetur, y la prestigiosa agencia de viajes azerbaiyana Absheron Travel.<\/p>\n\n\n\n<p>Este convenio permite tener una visi\u00f3n m\u00e1s amplia de lo que se plantean las naciones para la promoci\u00f3n del turismo receptivo y emisivo, que busca establecer normas y mecanismos de coordinaci\u00f3n, interacci\u00f3n, cooperaci\u00f3n y solidaridad entre la Rep\u00fablica Bolivariana de Venezuela y la Rep\u00fablica de Azerbaiy\u00e1n; ya que ambos pa\u00edses se comprometen a crear un puente tur\u00edstico que tambi\u00e9n facilite el intercambio cultural.<\/p>\n\n\n\n<p><\/p>\n\n\n\n<figure class=\"wp-block-image size-large\"><img fetchpriority=\"high\" decoding=\"async\" width=\"1024\" height=\"1017\" src=\"https:\/\/prensapresidencialvenezuela.gob.ve\/wp-content\/uploads\/2025\/08\/16EG__5059_P-1024x1017.jpg\" alt=\"\" class=\"wp-image-23437\" srcset=\"https:\/\/prensapresidencialvenezuela.gob.ve\/wp-content\/uploads\/2025\/08\/16EG__5059_P-1024x1017.jpg 1024w, https:\/\/prensapresidencialvenezuela.gob.ve\/wp-content\/uploads\/2025\/08\/16EG__5059_P-300x298.jpg 300w, https:\/\/prensapresidencialvenezuela.gob.ve\/wp-content\/uploads\/2025\/08\/16EG__5059_P-150x150.jpg 150w, https:\/\/prensapresidencialvenezuela.gob.ve\/wp-content\/uploads\/2025\/08\/16EG__5059_P-768x763.jpg 768w, https:\/\/prensapresidencialvenezuela.gob.ve\/wp-content\/uploads\/2025\/08\/16EG__5059_P-1536x1525.jpg 1536w, https:\/\/prensapresidencialvenezuela.gob.ve\/wp-content\/uploads\/2025\/08\/16EG__5059_P.jpg 2014w\" sizes=\"(max-width: 1024px) 100vw, 1024px\" \/><\/figure>\n\n\n\n<p><strong>Cooperaci\u00f3n pol\u00edtica <\/strong><strong><\/strong><\/p>\n\n\n\n<p>Para dar continuidad a los acuerdos estrat\u00e9gicos entre Venezuela y Azerbaiy\u00e1n, en el \u00e1rea pol\u00edtica se han afianzado sus conexiones con la creaci\u00f3n del Grupo de Amistad Parlamentario, un puente que contribuir\u00e1 a la cooperaci\u00f3n pol\u00edtica y cultural, porque promueve una visi\u00f3n compartida de desarrollo y soberan\u00eda en el \u00e1mbito multilateral.<\/p>\n\n\n\n<p>Por otra parte, este di\u00e1logo continuo sentar\u00e1 a\u00fan m\u00e1s las bases para ampliar la cooperaci\u00f3n en los \u00e1mbitos pol\u00edtico, econ\u00f3mico y multilateral, y de esta manera sentar las bases para una agenda conjunta en organismos internacionales como la Organizaci\u00f3n de Estados Americanos (ONU) y el Movimiento de Pa\u00edses No Alineados (MNOAL).<\/p>\n\n\n\n<p><strong>Trayectoria diplom\u00e1tica <\/strong><strong><\/strong><\/p>\n\n\n\n<p>Entre los t\u00edtulos obtenidos por el Diplom\u00e1tico Ruslan Rzayev se encuentra su Maestr\u00eda en Estudios Avanzados en Seguridad Internacional y Europea, en la Universidad de Ginebra, Suiza, entre el a\u00f1o 2008-2009.<\/p>\n\n\n\n<p>Con relaci\u00f3n a su recorrido diplom\u00e1tico, se ha desempe\u00f1ado como primer secretario, consejero, de la Embajada de la Rep\u00fablica de Azerbaiy\u00e1n en la Rep\u00fablica Italiana, entre el a\u00f1o 2017-2021. Tambi\u00e9n fungi\u00f3 como subdirector del Departamento de Asuntos Europeos en el Ministerio de Asuntos Exteriores de la Rep\u00fablica de Azerbaiy\u00e1n, entre los meses de enero-agosto del a\u00f1o 2022. Y desde agosto del a\u00f1o 2022, hasta el presente, se mantiene como embajador de la Rep\u00fablica de Azerbaiy\u00e1n en la Rep\u00fablica de Cuba.<\/p>\n\n\n\n<p>Por \u00faltimo, es de inter\u00e9s destacar que ambos pa\u00edses mantienen relaciones diplom\u00e1ticas establecidas desde hace 30 a\u00f1os, basadas en la cooperaci\u00f3n pol\u00edtica, legislativa y la realizaci\u00f3n de iniciativas conjuntas.<\/p>\n\n\n\n<p><strong>Prensa Presidencial\/ Irmary D\u00edaz <\/strong><strong><\/strong><\/p>\n","protected":false},"excerpt":{"rendered":"<p>Palacio de Miraflores, Caracas. \u2013 Desde el Sal\u00f3n Sol del Per\u00fa, el presidente de la Rep\u00fablica Bolivariana de Venezuela, Nicol\u00e1s Maduro Moros,recibi\u00f3 Cartas Credenciales por parte del Embajador de la Rep\u00fablica de Azerbaiy\u00e1n en la Rep\u00fablica Bolivariana de Venezuela, Ruslan Rzayev, con el prop\u00f3sito de afianzar las relaciones diplom\u00e1ticas que priorizan la solidaridad y el [&hellip;]<\/p>\n","protected":false},"author":1,"featured_media":23438,"comment_status":"open","ping_status":"open","sticky":false,"template":"","format":"standard","meta":{"footnotes":""},"categories":[18,7],"tags":[1790,823,19,27,20],"class_list":["post-23399","post","type-post","status-publish","format-standard","has-post-thumbnail","hentry","category-noticias-principales","category-notas-de-prensa","tag-azerbaiyan","tag-diplomacia","tag-nicolas-maduro","tag-revolucion-bolivariana","tag-venezuela"],"_links":{"self":[{"href":"https:\/\/prensapresidencialvenezuela.gob.ve\/index.php\/wp-json\/wp\/v2\/posts\/23399","targetHints":{"allow":["GET"]}}],"collection":[{"href":"https:\/\/prensapresidencialvenezuela.gob.ve\/index.php\/wp-json\/wp\/v2\/posts"}],"about":[{"href":"https:\/\/prensapresidencialvenezuela.gob.ve\/index.php\/wp-json\/wp\/v2\/types\/post"}],"author":[{"embeddable":true,"href":"https:\/\/prensapresidencialvenezuela.gob.ve\/index.php\/wp-json\/wp\/v2\/users\/1"}],"replies":[{"embeddable":true,"href":"https:\/\/prensapresidencialvenezuela.gob.ve\/index.php\/wp-json\/wp\/v2\/comments?post=23399"}],"version-history":[{"count":2,"href":"https:\/\/prensapresidencialvenezuela.gob.ve\/index.php\/wp-json\/wp\/v2\/posts\/23399\/revisions"}],"predecessor-version":[{"id":23442,"href":"https:\/\/prensapresidencialvenezuela.gob.ve\/index.php\/wp-json\/wp\/v2\/posts\/23399\/revisions\/23442"}],"wp:featuredmedia":[{"embeddable":true,"href":"https:\/\/prensapresidencialvenezuela.gob.ve\/index.php\/wp-json\/wp\/v2\/media\/23438"}],"wp:attachment":[{"href":"https:\/\/prensapresidencialvenezuela.gob.ve\/index.php\/wp-json\/wp\/v2\/media?parent=23399"}],"wp:term":[{"taxonomy":"category","embeddable":true,"href":"https:\/\/prensapresidencialvenezuela.gob.ve\/index.php\/wp-json\/wp\/v2\/categories?post=23399"},{"taxonomy":"post_tag","embeddable":true,"href":"https:\/\/prensapresidencialvenezuela.gob.ve\/index.php\/wp-json\/wp\/v2\/tags?post=23399"}],"curies":[{"name":"wp","href":"https:\/\/api.w.org\/{rel}","templated":true}]}}