{"id":23402,"date":"2025-08-27T13:51:10","date_gmt":"2025-08-27T17:51:10","guid":{"rendered":"https:\/\/prensapresidencialvenezuela.gob.ve\/?p=23402"},"modified":"2025-08-27T13:51:11","modified_gmt":"2025-08-27T17:51:11","slug":"hungria-afianza-relaciones-bilaterales-con-venezuela-al-presentar-cartas-credenciales","status":"publish","type":"post","link":"https:\/\/prensapresidencialvenezuela.gob.ve\/index.php\/2025\/08\/27\/hungria-afianza-relaciones-bilaterales-con-venezuela-al-presentar-cartas-credenciales\/","title":{"rendered":"Hungr\u00eda afianza relaciones bilaterales con Venezuela al presentar Cartas Credenciales"},"content":{"rendered":"\n<p><\/p>\n\n\n\n<p><strong>Palacio de Miraflores, Caracas. \u2013 <\/strong>Desde el Sal\u00f3n Sol del Per\u00fa,el presidente de la Rep\u00fablica Bolivariana de Venezuela, Nicol\u00e1s Maduro Moros, reafirma 56 a\u00f1os de relaciones diplom\u00e1ticas con Hungr\u00eda, mediante un encuentro que sostuvo con el Embajador de Hungr\u00eda en Ecuador concurrente ante la Rep\u00fablica Bolivariana de Venezuela, D\u00e1niel Sz\u00e9csi.<\/p>\n\n\n\n<p>Durante la actividad el Jefe de Estado venezolano recibi\u00f3 Cartas Credenciales por parte del Embajador D\u00e1niel Sz\u00e9csi, con el objetivo de continuar fortaleciendo las relaciones de amistad y cooperaci\u00f3n en sectores de inter\u00e9s para ambas naciones.<\/p>\n\n\n\n<p>Es importante mencionar que Hungr\u00eda y Venezuela comparten muchos de los principios de la Carta de las Naciones Unidas, principalmente los aspectos relacionados con la no injerencia en los asuntos internos y el respeto a la soberan\u00eda de los pueblos, as\u00ed como la condena a la aplicaci\u00f3n de ilegales medidas coercitivas unilaterales.<\/p>\n\n\n\n<p><\/p>\n\n\n\n<figure class=\"wp-block-image size-large\"><img fetchpriority=\"high\" decoding=\"async\" width=\"934\" height=\"1024\" src=\"https:\/\/prensapresidencialvenezuela.gob.ve\/wp-content\/uploads\/2025\/08\/photo_5005973706102650280_y-934x1024.jpg\" alt=\"\" class=\"wp-image-23431\" srcset=\"https:\/\/prensapresidencialvenezuela.gob.ve\/wp-content\/uploads\/2025\/08\/photo_5005973706102650280_y-934x1024.jpg 934w, https:\/\/prensapresidencialvenezuela.gob.ve\/wp-content\/uploads\/2025\/08\/photo_5005973706102650280_y-274x300.jpg 274w, https:\/\/prensapresidencialvenezuela.gob.ve\/wp-content\/uploads\/2025\/08\/photo_5005973706102650280_y-768x842.jpg 768w, https:\/\/prensapresidencialvenezuela.gob.ve\/wp-content\/uploads\/2025\/08\/photo_5005973706102650280_y.jpg 1168w\" sizes=\"(max-width: 934px) 100vw, 934px\" \/><\/figure>\n\n\n\n<p><strong>Relaciones diplom\u00e1ticas <\/strong><strong><\/strong><\/p>\n\n\n\n<p>Con relaci\u00f3n a los lazos de cooperaci\u00f3n entre ambas naciones, en el a\u00f1o 2023, la Canciller\u00eda venezolana tuvo la visita de un representante de Asuntos Exteriores y Comercio; lo que represent\u00f3 para el pa\u00eds un nuevo hito en el afianzamiento de las relaciones bilaterales.<\/p>\n\n\n\n<p>En la actualidad se encuentra en plena ejecuci\u00f3n el Memor\u00e1ndum de Entendimiento sobre cooperaci\u00f3n basado en el Programa de Becas de Hungr\u00eda Stipendium Hungaricum para los a\u00f1os 2023-2026.<\/p>\n\n\n\n<p>En este orden de ideas, es de inter\u00e9s resaltar que Venezuela ratifica en esta importante fecha la voluntad de apuntalar las relaciones bilaterales con este aliado europeo y de propiciar el acercamiento en los escenarios multilaterales para continuar trabajando de forma conjunta, con base en los principios de la autodeterminaci\u00f3n de los pueblos y el desarrollo para el bien com\u00fan entre las naciones.<\/p>\n\n\n\n<p><strong>Trayectoria diplom\u00e1tica <\/strong><strong><\/strong><\/p>\n\n\n\n<p>El Embajador D\u00e1niel Sz\u00e9csi realiz\u00f3 estudios estrat\u00e9gicos en la Universidad Georgetown \u2013 Universidad de Defensa Nacional de los Estados Unidos de Am\u00e9rica, Escuela Internacional de la OTAN en Bak\u00fa, Azerbaiy\u00e1n, en el a\u00f1o 2006.<\/p>\n\n\n\n<ul class=\"wp-block-list\">\n<li>Desde el a\u00f1o 2024 hasta la fecha, ejerce funciones como Embajador Extraordinario y Plenipotenciario en la Embajada de Hungr\u00eda en Quito, Rep\u00fablica del Ecuador.<\/li>\n\n\n\n<li>Entre 2023 y 2024, se desempe\u00f1\u00f3 como Jefe de Misi\u00f3n Adjunto y Primer Secretario, Embajada de Hungr\u00eda en Estados Unidos Mexicanos.<\/li>\n\n\n\n<li>Del 2019 al 2023, estuvo como Jefe de Misi\u00f3n Adjunto y C\u00f3nsul y Segundo Secretario de la Embajada de Hungr\u00eda en la Rep\u00fablica de Chile.<\/li>\n<\/ul>\n\n\n\n<p>En este contexto, es relevante acotar que la entonces Viceministra para Europa, Coromoto Godoy, el 29 de octubre de 2024, recibi\u00f3 las Copias de Estilo del nuevo Embajador de Hungr\u00eda, D\u00e1niel Sz\u00e9csi, residente en Ecuador y concurrente ante la Rep\u00fablica Bolivariana de Venezuela.<\/p>\n\n\n\n<p><strong>Palacio de Miraflores\/ Irmary D\u00edaz. <\/strong><strong><\/strong><\/p>\n","protected":false},"excerpt":{"rendered":"<p>Palacio de Miraflores, Caracas. \u2013 Desde el Sal\u00f3n Sol del Per\u00fa,el presidente de la Rep\u00fablica Bolivariana de Venezuela, Nicol\u00e1s Maduro Moros, reafirma 56 a\u00f1os de relaciones diplom\u00e1ticas con Hungr\u00eda, mediante un encuentro que sostuvo con el Embajador de Hungr\u00eda en Ecuador concurrente ante la Rep\u00fablica Bolivariana de Venezuela, D\u00e1niel Sz\u00e9csi. Durante la actividad el Jefe [&hellip;]<\/p>\n","protected":false},"author":1,"featured_media":23429,"comment_status":"open","ping_status":"open","sticky":false,"template":"","format":"standard","meta":{"footnotes":""},"categories":[18,7],"tags":[823,155,19,27,20],"class_list":["post-23402","post","type-post","status-publish","format-standard","has-post-thumbnail","hentry","category-noticias-principales","category-notas-de-prensa","tag-diplomacia","tag-hungria","tag-nicolas-maduro","tag-revolucion-bolivariana","tag-venezuela"],"_links":{"self":[{"href":"https:\/\/prensapresidencialvenezuela.gob.ve\/index.php\/wp-json\/wp\/v2\/posts\/23402","targetHints":{"allow":["GET"]}}],"collection":[{"href":"https:\/\/prensapresidencialvenezuela.gob.ve\/index.php\/wp-json\/wp\/v2\/posts"}],"about":[{"href":"https:\/\/prensapresidencialvenezuela.gob.ve\/index.php\/wp-json\/wp\/v2\/types\/post"}],"author":[{"embeddable":true,"href":"https:\/\/prensapresidencialvenezuela.gob.ve\/index.php\/wp-json\/wp\/v2\/users\/1"}],"replies":[{"embeddable":true,"href":"https:\/\/prensapresidencialvenezuela.gob.ve\/index.php\/wp-json\/wp\/v2\/comments?post=23402"}],"version-history":[{"count":2,"href":"https:\/\/prensapresidencialvenezuela.gob.ve\/index.php\/wp-json\/wp\/v2\/posts\/23402\/revisions"}],"predecessor-version":[{"id":23432,"href":"https:\/\/prensapresidencialvenezuela.gob.ve\/index.php\/wp-json\/wp\/v2\/posts\/23402\/revisions\/23432"}],"wp:featuredmedia":[{"embeddable":true,"href":"https:\/\/prensapresidencialvenezuela.gob.ve\/index.php\/wp-json\/wp\/v2\/media\/23429"}],"wp:attachment":[{"href":"https:\/\/prensapresidencialvenezuela.gob.ve\/index.php\/wp-json\/wp\/v2\/media?parent=23402"}],"wp:term":[{"taxonomy":"category","embeddable":true,"href":"https:\/\/prensapresidencialvenezuela.gob.ve\/index.php\/wp-json\/wp\/v2\/categories?post=23402"},{"taxonomy":"post_tag","embeddable":true,"href":"https:\/\/prensapresidencialvenezuela.gob.ve\/index.php\/wp-json\/wp\/v2\/tags?post=23402"}],"curies":[{"name":"wp","href":"https:\/\/api.w.org\/{rel}","templated":true}]}}