{"id":23417,"date":"2025-08-27T13:38:59","date_gmt":"2025-08-27T17:38:59","guid":{"rendered":"https:\/\/prensapresidencialvenezuela.gob.ve\/?p=23417"},"modified":"2025-08-27T13:53:19","modified_gmt":"2025-08-27T17:53:19","slug":"embajador-de-cote-divoire-entrega-cartas-credenciales-al-presidente-nicolas-maduro","status":"publish","type":"post","link":"https:\/\/prensapresidencialvenezuela.gob.ve\/index.php\/2025\/08\/27\/embajador-de-cote-divoire-entrega-cartas-credenciales-al-presidente-nicolas-maduro\/","title":{"rendered":"Embajador de C\u00f4te d\u2019ivoire entrega Cartas Credenciales al Presidente Nicol\u00e1s Maduro"},"content":{"rendered":"\n<p><strong> Palacio de Miraflores, Caracas.\u2013 <\/strong>El Presidente de la Rep\u00fablica Bolivariana de Venezuela, Nicol\u00e1s Maduro Moros, junto al Primera Dama, Cilia Flores, recibi\u00f3 con benepl\u00e1cito las Cartas Credenciales por parte del Embajador de la Rep\u00fablica de C\u00f4te d\u2019ivoire, Diamoutene Alassane Zie.<\/p>\n\n\n\n<p>El acto protocolar realizado este mi\u00e9rcoles en el Sal\u00f3n Sol del Per\u00fa del Palacio de Miraflores tambi\u00e9n cont\u00f3 con la participaci\u00f3n del ministro del Poder Popular para las Relaciones Exteriores, Yv\u00e1n Gil, y el Viceministro para el \u00c1frica, Yuri Pimentel, entre otras autoridades.<\/p>\n\n\n\n<p>En este escenario diplom\u00e1tico tambi\u00e9n fueron recibidas las Cartas Credenciales de los Embajadores de las Rep\u00fablicas de Belar\u00fas, Camboya, Hungr\u00eda y Azerbaiy\u00e1n para darle continuidad a los lazos de cooperaci\u00f3n y solidaridad entre gobiernos y sus pueblos.<\/p>\n\n\n\n<p><\/p>\n\n\n\n<figure class=\"wp-block-image size-large\"><img fetchpriority=\"high\" decoding=\"async\" width=\"1024\" height=\"781\" src=\"https:\/\/prensapresidencialvenezuela.gob.ve\/wp-content\/uploads\/2025\/08\/09EG__4978_P-1024x781.jpg\" alt=\"\" class=\"wp-image-23419\" srcset=\"https:\/\/prensapresidencialvenezuela.gob.ve\/wp-content\/uploads\/2025\/08\/09EG__4978_P-1024x781.jpg 1024w, https:\/\/prensapresidencialvenezuela.gob.ve\/wp-content\/uploads\/2025\/08\/09EG__4978_P-300x229.jpg 300w, https:\/\/prensapresidencialvenezuela.gob.ve\/wp-content\/uploads\/2025\/08\/09EG__4978_P-768x586.jpg 768w, https:\/\/prensapresidencialvenezuela.gob.ve\/wp-content\/uploads\/2025\/08\/09EG__4978_P-1536x1172.jpg 1536w, https:\/\/prensapresidencialvenezuela.gob.ve\/wp-content\/uploads\/2025\/08\/09EG__4978_P-2048x1563.jpg 2048w\" sizes=\"(max-width: 1024px) 100vw, 1024px\" \/><\/figure>\n\n\n\n<p><strong>\u00c1frica Occidental ante el mundo<\/strong><strong><\/strong><\/p>\n\n\n\n<p>C\u00f4te d\u2019ivoire es un pa\u00eds conocido mundialmente por su producci\u00f3n alimenticia, bebidas, productos de madera, oro, aceites refinados, ensamble de camiones, fertilizantes, textiles y electricidad. Entre sus principales productos de exportaci\u00f3n se encuentran: cacao, caf\u00e9, petr\u00f3leo, algod\u00f3n, bananas, aceite de palma y pescado.<\/p>\n\n\n\n<p><strong>Prensa Presidencial\/ Claudia Guerra M\u00e9ndez <\/strong><strong><\/strong><\/p>\n","protected":false},"excerpt":{"rendered":"<p>Palacio de Miraflores, Caracas.\u2013 El Presidente de la Rep\u00fablica Bolivariana de Venezuela, Nicol\u00e1s Maduro Moros, junto al Primera Dama, Cilia Flores, recibi\u00f3 con benepl\u00e1cito las Cartas Credenciales por parte del Embajador de la Rep\u00fablica de C\u00f4te d\u2019ivoire, Diamoutene Alassane Zie. El acto protocolar realizado este mi\u00e9rcoles en el Sal\u00f3n Sol del Per\u00fa del Palacio de [&hellip;]<\/p>\n","protected":false},"author":1,"featured_media":23422,"comment_status":"open","ping_status":"open","sticky":false,"template":"","format":"standard","meta":{"footnotes":""},"categories":[18,7],"tags":[120,19,27,20],"class_list":["post-23417","post","type-post","status-publish","format-standard","has-post-thumbnail","hentry","category-noticias-principales","category-notas-de-prensa","tag-africa","tag-nicolas-maduro","tag-revolucion-bolivariana","tag-venezuela"],"_links":{"self":[{"href":"https:\/\/prensapresidencialvenezuela.gob.ve\/index.php\/wp-json\/wp\/v2\/posts\/23417","targetHints":{"allow":["GET"]}}],"collection":[{"href":"https:\/\/prensapresidencialvenezuela.gob.ve\/index.php\/wp-json\/wp\/v2\/posts"}],"about":[{"href":"https:\/\/prensapresidencialvenezuela.gob.ve\/index.php\/wp-json\/wp\/v2\/types\/post"}],"author":[{"embeddable":true,"href":"https:\/\/prensapresidencialvenezuela.gob.ve\/index.php\/wp-json\/wp\/v2\/users\/1"}],"replies":[{"embeddable":true,"href":"https:\/\/prensapresidencialvenezuela.gob.ve\/index.php\/wp-json\/wp\/v2\/comments?post=23417"}],"version-history":[{"count":3,"href":"https:\/\/prensapresidencialvenezuela.gob.ve\/index.php\/wp-json\/wp\/v2\/posts\/23417\/revisions"}],"predecessor-version":[{"id":23433,"href":"https:\/\/prensapresidencialvenezuela.gob.ve\/index.php\/wp-json\/wp\/v2\/posts\/23417\/revisions\/23433"}],"wp:featuredmedia":[{"embeddable":true,"href":"https:\/\/prensapresidencialvenezuela.gob.ve\/index.php\/wp-json\/wp\/v2\/media\/23422"}],"wp:attachment":[{"href":"https:\/\/prensapresidencialvenezuela.gob.ve\/index.php\/wp-json\/wp\/v2\/media?parent=23417"}],"wp:term":[{"taxonomy":"category","embeddable":true,"href":"https:\/\/prensapresidencialvenezuela.gob.ve\/index.php\/wp-json\/wp\/v2\/categories?post=23417"},{"taxonomy":"post_tag","embeddable":true,"href":"https:\/\/prensapresidencialvenezuela.gob.ve\/index.php\/wp-json\/wp\/v2\/tags?post=23417"}],"curies":[{"name":"wp","href":"https:\/\/api.w.org\/{rel}","templated":true}]}}