{"id":23443,"date":"2025-08-27T15:01:23","date_gmt":"2025-08-27T19:01:23","guid":{"rendered":"https:\/\/prensapresidencialvenezuela.gob.ve\/?p=23443"},"modified":"2025-08-27T15:04:27","modified_gmt":"2025-08-27T19:04:27","slug":"venezuela-condena-supremacismo-y-denuncia-amenaza-de-un-submarino-nuclear-en-la-region","status":"publish","type":"post","link":"https:\/\/prensapresidencialvenezuela.gob.ve\/index.php\/2025\/08\/27\/venezuela-condena-supremacismo-y-denuncia-amenaza-de-un-submarino-nuclear-en-la-region\/","title":{"rendered":"Venezuela condena supremacismo y denuncia amenaza de un submarino nuclear en la regi\u00f3n"},"content":{"rendered":"\n<p><\/p>\n\n\n\n<p><strong>Palacio de Miraflores, Caracas<\/strong>.\u2013 El presidente de la Rep\u00fablica Bolivariana de Venezuela, Nicol\u00e1s Maduro, denunci\u00f3 este mi\u00e9rcoles que su pa\u00eds ha sido amenazado por un submarino nuclear. Ante este escenario, reiter\u00f3 que el Gobierno Bolivariano es garant\u00eda de paz en su pol\u00edtica exterior.<\/p>\n\n\n\n<p>Desde el Palacio de Miraflores, durante el recibimiento de las Cartas Credenciales de los nuevos representantes diplom\u00e1ticos de Belar\u00fas, Camboya, C\u00f4te d\u2019ivoire, Hungr\u00eda y Azerbaiy\u00e1n, el Mandatario Nacional aprovech\u00f3 la ocasi\u00f3n para condenar la violaci\u00f3n del Tratado de Tlatelolco, un acuerdo internacional que busca prohibir las armas nucleares en Am\u00e9rica Latina y el Caribe, estableciendo la regi\u00f3n como una zona libre de armas nucleares.<\/p>\n\n\n\n<p>\u00abNunca se hab\u00eda amenazado a ning\u00fan pa\u00eds de Am\u00e9rica Latina y el Caribe con un submarino nuclear\u00bb, sostuvo, rechazando esta medida. Prosigui\u00f3 indicando que cuenta con la solidaridad internacional: \u00abVenezuela est\u00e1 recibiendo una impactante solidaridad mundial (\u2026) Dios est\u00e1 con nosotros, Dios nos bendice y nos protege, a Venezuela no la va a parar nadie\u00bb.<\/p>\n\n\n\n<p>El Presidente venezolano contrast\u00f3 esta situaci\u00f3n con la pol\u00edtica exterior de su gobierno, caracterizada por su diplomacia de la dignidad.&nbsp; \u00abNuestra diplomacia no es la diplomacia de las ca\u00f1oneras, de las amenazas (\u2026) No aceptamos el supremacismo de nadie\u00bb, asegur\u00f3 ante los diplom\u00e1ticos presentes, destacando que su gobierno no baja la mirada ante los desaf\u00edos.<\/p>\n\n\n\n<p><\/p>\n\n\n\n<figure class=\"wp-block-image size-large\"><img fetchpriority=\"high\" decoding=\"async\" width=\"898\" height=\"1024\" src=\"https:\/\/prensapresidencialvenezuela.gob.ve\/wp-content\/uploads\/2025\/08\/photo_5005973706102650306_y-898x1024.jpg\" alt=\"\" class=\"wp-image-23447\" srcset=\"https:\/\/prensapresidencialvenezuela.gob.ve\/wp-content\/uploads\/2025\/08\/photo_5005973706102650306_y-898x1024.jpg 898w, https:\/\/prensapresidencialvenezuela.gob.ve\/wp-content\/uploads\/2025\/08\/photo_5005973706102650306_y-263x300.jpg 263w, https:\/\/prensapresidencialvenezuela.gob.ve\/wp-content\/uploads\/2025\/08\/photo_5005973706102650306_y-768x875.jpg 768w, https:\/\/prensapresidencialvenezuela.gob.ve\/wp-content\/uploads\/2025\/08\/photo_5005973706102650306_y.jpg 1123w\" sizes=\"(max-width: 898px) 100vw, 898px\" \/><\/figure>\n\n\n\n<p>En este mismo contexto, destac\u00f3 que Venezuela est\u00e1 en victoria en su defensa de la soberan\u00eda y la integridad territorial. Tambi\u00e9n agradeci\u00f3 la cooperaci\u00f3n internacional y establecimiento de una agenda de trabajo conjunta con los nuevos embajadores, enfocada en el desarrollo econ\u00f3mico, el comercio, la inversi\u00f3n y el acercamiento cultural y humano con cada una de las naciones.<\/p>\n\n\n\n<p>En sus conversaciones con los diplom\u00e1ticos, el jefe de Estado venezolano record\u00f3 la historia de resistencia de Belar\u00fas; su admiraci\u00f3n por naciones del sudeste asi\u00e1tico como Camboya; la conexi\u00f3n de Venezuela con el \u00ab\u00c1frica madre\u00bb, a trav\u00e9s de C\u00f4te d\u2019ivoire (Costa de Marfil); las relaciones con Hungr\u00eda y la reciente visita del canciller de ese pa\u00eds; adem\u00e1s de las relaciones con Azerbaiy\u00e1n. Con cada uno reiter\u00f3 su compromiso de profundizar los lazos en el marco de la autodeterminaci\u00f3n, soberan\u00eda, respeto e igualdad entre los Estados, como principios para el entendimiento mutuo.<\/p>\n\n\n\n<p><strong>Prensa Presidencial \/ Iliana Rosales<\/strong><\/p>\n\n\n\n<p><\/p>\n","protected":false},"excerpt":{"rendered":"<p>Palacio de Miraflores, Caracas.\u2013 El presidente de la Rep\u00fablica Bolivariana de Venezuela, Nicol\u00e1s Maduro, denunci\u00f3 este mi\u00e9rcoles que su pa\u00eds ha sido amenazado por un submarino nuclear. Ante este escenario, reiter\u00f3 que el Gobierno Bolivariano es garant\u00eda de paz en su pol\u00edtica exterior. Desde el Palacio de Miraflores, durante el recibimiento de las Cartas Credenciales [&hellip;]<\/p>\n","protected":false},"author":1,"featured_media":23446,"comment_status":"open","ping_status":"open","sticky":false,"template":"","format":"standard","meta":{"footnotes":""},"categories":[18,7],"tags":[19,557,27,20],"class_list":["post-23443","post","type-post","status-publish","format-standard","has-post-thumbnail","hentry","category-noticias-principales","category-notas-de-prensa","tag-nicolas-maduro","tag-paz","tag-revolucion-bolivariana","tag-venezuela"],"_links":{"self":[{"href":"https:\/\/prensapresidencialvenezuela.gob.ve\/index.php\/wp-json\/wp\/v2\/posts\/23443","targetHints":{"allow":["GET"]}}],"collection":[{"href":"https:\/\/prensapresidencialvenezuela.gob.ve\/index.php\/wp-json\/wp\/v2\/posts"}],"about":[{"href":"https:\/\/prensapresidencialvenezuela.gob.ve\/index.php\/wp-json\/wp\/v2\/types\/post"}],"author":[{"embeddable":true,"href":"https:\/\/prensapresidencialvenezuela.gob.ve\/index.php\/wp-json\/wp\/v2\/users\/1"}],"replies":[{"embeddable":true,"href":"https:\/\/prensapresidencialvenezuela.gob.ve\/index.php\/wp-json\/wp\/v2\/comments?post=23443"}],"version-history":[{"count":3,"href":"https:\/\/prensapresidencialvenezuela.gob.ve\/index.php\/wp-json\/wp\/v2\/posts\/23443\/revisions"}],"predecessor-version":[{"id":23448,"href":"https:\/\/prensapresidencialvenezuela.gob.ve\/index.php\/wp-json\/wp\/v2\/posts\/23443\/revisions\/23448"}],"wp:featuredmedia":[{"embeddable":true,"href":"https:\/\/prensapresidencialvenezuela.gob.ve\/index.php\/wp-json\/wp\/v2\/media\/23446"}],"wp:attachment":[{"href":"https:\/\/prensapresidencialvenezuela.gob.ve\/index.php\/wp-json\/wp\/v2\/media?parent=23443"}],"wp:term":[{"taxonomy":"category","embeddable":true,"href":"https:\/\/prensapresidencialvenezuela.gob.ve\/index.php\/wp-json\/wp\/v2\/categories?post=23443"},{"taxonomy":"post_tag","embeddable":true,"href":"https:\/\/prensapresidencialvenezuela.gob.ve\/index.php\/wp-json\/wp\/v2\/tags?post=23443"}],"curies":[{"name":"wp","href":"https:\/\/api.w.org\/{rel}","templated":true}]}}