{"id":23450,"date":"2025-08-28T17:06:11","date_gmt":"2025-08-28T21:06:11","guid":{"rendered":"https:\/\/prensapresidencialvenezuela.gob.ve\/?p=23450"},"modified":"2025-08-28T17:06:24","modified_gmt":"2025-08-28T21:06:24","slug":"clausura-del-segundo-curso-de-operaciones-especiales-revolucionarias-es-liderado-por-el-presidente-nicolas-maduro","status":"publish","type":"post","link":"https:\/\/prensapresidencialvenezuela.gob.ve\/index.php\/2025\/08\/28\/clausura-del-segundo-curso-de-operaciones-especiales-revolucionarias-es-liderado-por-el-presidente-nicolas-maduro\/","title":{"rendered":"Clausura del segundo Curso de Operaciones Especiales Revolucionarias es liderado por el Presidente Nicol\u00e1s Maduro"},"content":{"rendered":"\n<p><\/p>\n\n\n\n<p><strong>Macarao, Caracas.-<\/strong> En\u00a0 compromiso con la defensa integral de la naci\u00f3n, el presidente de la Rep\u00fablica Bolivariana de Venezuela, Nicol\u00e1s Maduro Moros, encabeza este jueves el acto de clausura del segundo Curso de Operaciones Especiales Revolucionarias (COER), celebrado en la sede del Grupo de Acciones de Comando de la Guardia Nacional Bolivariana, en la parroquia Macarao, Caracas.<\/p>\n\n\n\n<p>El COER es una capacitaci\u00f3n militar y policial de 75 d\u00edas de duraci\u00f3n, dise\u00f1ada para formar y adiestrar a funcionarios de la Fuerza Armada Nacional Bolivariana (FANB) y de diversos cuerpos de seguridad. El curso se enfoca en la defensa de la patria, a trav\u00e9s de misiones de operaciones especiales, adaptando t\u00e9cnicas modernas de combate.<\/p>\n\n\n\n<p>El Mandatario Nacional, acompa\u00f1ado por la Primera Dama, Cilia Flores, es recibido por el Alto Mando Militar y de Seguridad, incluyendo al vicepresidente sectorial de Pol\u00edtica, Seguridad Ciudadana y Paz, Capit\u00e1n Diosdado Cabello, y al vicepresidente sectorial de Defensa y Soberan\u00eda, GJ Vladimir Padrino L\u00f3pez. Tambi\u00e9n se encuentran presentes el Comandante Estrat\u00e9gico Operacional de la FANB, Domingo Hern\u00e1ndez L\u00e1rez.<\/p>\n\n\n\n<p>Est\u00e1 previsto que durante el acto los graduandos del curso realicen seis demostraciones operativas para exhibir las habilidades adquiridas. Entre ellas:<\/p>\n\n\n\n<p><strong>-Tiro de combate en movimiento:<\/strong> Una simulaci\u00f3n de disparo con alta precisi\u00f3n, demostrando destrezas en el avance y el uso de obst\u00e1culos para cobertura.<\/p>\n\n\n\n<p><strong>-Combate cercano en \u00e1reas construidas:<\/strong> Un ejercicio de rescate de rehenes a bordo de una r\u00e9plica del Metro de Caracas y en una estructura que simula una casa.<\/p>\n\n\n\n<p><strong>-Ascenso y descenso con t\u00e9cnicas de monta\u00f1a:<\/strong> Demostraciones de r\u00e1pel y la t\u00e9cnica de ascenso con \u00abYumar\u00bb, un sistema que coloca a los cursantes en est\u00e1ndares internacionales de monta\u00f1ismo.<\/p>\n\n\n\n<p><strong>-Patrullaje rural:<\/strong> Una operaci\u00f3n de intervenci\u00f3n a un laboratorio de drogas ficticio, utilizando un dron para exploraci\u00f3n.<\/p>\n\n\n\n<p><strong>-Salto t\u00e1ctico:<\/strong>&nbsp; Un ejercicio de aproximaci\u00f3n desde cuatro a cinco metros de altura desde una aeronave Cougar.<\/p>\n\n\n\n<p><strong>-L\u00ednea de la muerte:<\/strong> Un ejercicio final donde los participantes resistir\u00e1n la onda expansiva de una explosi\u00f3n controlada, demostrando resistencia f\u00edsica y mental.<\/p>\n\n\n\n<p>El curso COER cont\u00f3 con la participaci\u00f3n de miembros de diez instituciones gubernamentales y los cinco componentes de la FANB (Ej\u00e9rcito, Armada, Aviaci\u00f3n, Guardia Nacional y Milicia), la Guardia de Honor Presidencial, los \u00f3rganos de seguridad ciudadana (CICPC y PNB), y los \u00f3rganos de inteligencia del Estado (DGCIM y SEBIN).<\/p>\n\n\n\n<p>Por \u00faltimo, se tiene previsto que el Jefe de Estado juramente a m\u00e1s de mil graduandos, siendo los 13 primeros participantes de la promoci\u00f3n los que le rendir\u00e1n honores al Presidente Nicol\u00e1s Maduro, en reconocimiento a su dedicaci\u00f3n y esfuerzo en esta preparaci\u00f3n integral para la defensa de la naci\u00f3n.<\/p>\n\n\n\n<p><strong>Prensa Presidencial\/ Iliana Rosales<\/strong><\/p>\n\n\n\n<p><\/p>\n","protected":false},"excerpt":{"rendered":"<p>Macarao, Caracas.- En\u00a0 compromiso con la defensa integral de la naci\u00f3n, el presidente de la Rep\u00fablica Bolivariana de Venezuela, Nicol\u00e1s Maduro Moros, encabeza este jueves el acto de clausura del segundo Curso de Operaciones Especiales Revolucionarias (COER), celebrado en la sede del Grupo de Acciones de Comando de la Guardia Nacional Bolivariana, en la parroquia [&hellip;]<\/p>\n","protected":false},"author":1,"featured_media":23458,"comment_status":"open","ping_status":"open","sticky":false,"template":"","format":"standard","meta":{"footnotes":""},"categories":[18,7,1],"tags":[1775,1791,537,65,19,90,27,1792,20],"class_list":["post-23450","post","type-post","status-publish","format-standard","has-post-thumbnail","hentry","category-noticias-principales","category-notas-de-prensa","category-sin-categoria","tag-cicpc","tag-coer","tag-dgcim","tag-fanb","tag-nicolas-maduro","tag-pnb","tag-revolucion-bolivariana","tag-sebin","tag-venezuela"],"_links":{"self":[{"href":"https:\/\/prensapresidencialvenezuela.gob.ve\/index.php\/wp-json\/wp\/v2\/posts\/23450","targetHints":{"allow":["GET"]}}],"collection":[{"href":"https:\/\/prensapresidencialvenezuela.gob.ve\/index.php\/wp-json\/wp\/v2\/posts"}],"about":[{"href":"https:\/\/prensapresidencialvenezuela.gob.ve\/index.php\/wp-json\/wp\/v2\/types\/post"}],"author":[{"embeddable":true,"href":"https:\/\/prensapresidencialvenezuela.gob.ve\/index.php\/wp-json\/wp\/v2\/users\/1"}],"replies":[{"embeddable":true,"href":"https:\/\/prensapresidencialvenezuela.gob.ve\/index.php\/wp-json\/wp\/v2\/comments?post=23450"}],"version-history":[{"count":2,"href":"https:\/\/prensapresidencialvenezuela.gob.ve\/index.php\/wp-json\/wp\/v2\/posts\/23450\/revisions"}],"predecessor-version":[{"id":23452,"href":"https:\/\/prensapresidencialvenezuela.gob.ve\/index.php\/wp-json\/wp\/v2\/posts\/23450\/revisions\/23452"}],"wp:featuredmedia":[{"embeddable":true,"href":"https:\/\/prensapresidencialvenezuela.gob.ve\/index.php\/wp-json\/wp\/v2\/media\/23458"}],"wp:attachment":[{"href":"https:\/\/prensapresidencialvenezuela.gob.ve\/index.php\/wp-json\/wp\/v2\/media?parent=23450"}],"wp:term":[{"taxonomy":"category","embeddable":true,"href":"https:\/\/prensapresidencialvenezuela.gob.ve\/index.php\/wp-json\/wp\/v2\/categories?post=23450"},{"taxonomy":"post_tag","embeddable":true,"href":"https:\/\/prensapresidencialvenezuela.gob.ve\/index.php\/wp-json\/wp\/v2\/tags?post=23450"}],"curies":[{"name":"wp","href":"https:\/\/api.w.org\/{rel}","templated":true}]}}