{"id":23466,"date":"2025-08-29T10:47:44","date_gmt":"2025-08-29T14:47:44","guid":{"rendered":"https:\/\/prensapresidencialvenezuela.gob.ve\/?p=23466"},"modified":"2025-08-29T10:47:45","modified_gmt":"2025-08-29T14:47:45","slug":"coer-contribuira-al-fortalecimiento-de-las-fuerzas-militares-y-policiales-del-pais-2","status":"publish","type":"post","link":"https:\/\/prensapresidencialvenezuela.gob.ve\/index.php\/2025\/08\/29\/coer-contribuira-al-fortalecimiento-de-las-fuerzas-militares-y-policiales-del-pais-2\/","title":{"rendered":"COER contribuir\u00e1 al fortalecimiento de las fuerzas militares y policiales del pa\u00eds"},"content":{"rendered":"\n<p><strong>Macarao, Caracas. \u2013 <\/strong>El presidentede la Rep\u00fablica Bolivariana de Venezuela, Nicol\u00e1s Maduro Moros,destac\u00f3 durante laclausura del II Curso de Operaciones Especiales Revolucionarias (COER), que \u00abVenezuela naci\u00f3 para ser libre, soberana, rebelde e independiente por siempre, porque naci\u00f3 para vencer y jam\u00e1s ser vencidos\u00bb.<\/p>\n\n\n\n<p>En este orden de ideas, el Comandante en Jefe de la Fuerza Armada Nacional Bolivariana (FANB), asever\u00f3 que el COER contribuir\u00e1 al fortalecimiento de las filas de las fuerzas militares y policiales del pa\u00eds, ya que cuentan con patriotas con la moral en alto y amor a su Patria, que no buscan agredir a ning\u00fan pa\u00eds del mundo.<\/p>\n\n\n\n<h2 class=\"wp-block-heading\">El Jefe de Estado expres\u00f3 su admiraci\u00f3n y m\u00e1s sinceras felicitaciones a todo el cuerpo castrense y policial del pa\u00eds, resaltando que por ello, tiene la firme convicci\u00f3n que \u00abel comandante Hugo Ch\u00e1vez no ar\u00f3 en el mar, porque sembr\u00f3 en cerebros, corazones y almas f\u00e9rtiles, y por eso est\u00e1 aqu\u00ed la fuerza que sembr\u00f3 Ch\u00e1vez, la fusi\u00f3n popular, militar, policial perfecta\u00bb.<\/h2>\n\n\n\n<figure class=\"wp-block-image size-large\"><img fetchpriority=\"high\" decoding=\"async\" width=\"1024\" height=\"683\" src=\"https:\/\/prensapresidencialvenezuela.gob.ve\/wp-content\/uploads\/2025\/08\/01_JZ__6950_P-1-1024x683.jpg\" alt=\"\" class=\"wp-image-23468\" srcset=\"https:\/\/prensapresidencialvenezuela.gob.ve\/wp-content\/uploads\/2025\/08\/01_JZ__6950_P-1-1024x683.jpg 1024w, https:\/\/prensapresidencialvenezuela.gob.ve\/wp-content\/uploads\/2025\/08\/01_JZ__6950_P-1-300x200.jpg 300w, https:\/\/prensapresidencialvenezuela.gob.ve\/wp-content\/uploads\/2025\/08\/01_JZ__6950_P-1-768x512.jpg 768w, https:\/\/prensapresidencialvenezuela.gob.ve\/wp-content\/uploads\/2025\/08\/01_JZ__6950_P-1-1536x1024.jpg 1536w, https:\/\/prensapresidencialvenezuela.gob.ve\/wp-content\/uploads\/2025\/08\/01_JZ__6950_P-1-2048x1365.jpg 2048w\" sizes=\"(max-width: 1024px) 100vw, 1024px\" \/><\/figure>\n\n\n\n<p>Es importante mencionar que estas capacitaciones son impartidas a funcionarios de la FANB y cuerpos de seguridad nacional, con el objetivo de defender a la Patria mediante misiones de operaciones especiales, t\u00e1cticas y de respuesta r\u00e1pida .<\/p>\n\n\n\n<h2 class=\"wp-block-heading\"><strong>FANB: Columna vertebral para vencer el antiimperialismo<\/strong><\/h2>\n\n\n\n<p>En este contexto, el l\u00edder revolucionario enfatiz\u00f3 que la Patria siempre se mantendr\u00e1 salvaguardada por los venezolanos y las venezolanas, adem\u00e1s de las fuerza militares y policiales del pa\u00eds, ya que la naci\u00f3n no est\u00e1 construyendo un poder militar para quitarle los recursos naturales a ning\u00fan pa\u00eds del continente ni del mundo, ya que Venezuela no tiene armas at\u00f3micas, submarinos nucleares, no amenaza a nadie ni tiene bases militares en los continentes del planeta.<\/p>\n\n\n\n<p>El Presidente tambi\u00e9n precis\u00f3 que la Revoluci\u00f3n Bolivariana fortalece cada d\u00eda las instituciones militares y policiales del pa\u00eds con dotaciones de m\u00e1s de calidad combativa, profesional y moral profunda para mantener la cohesi\u00f3n y unidad por la Patria.<\/p>\n\n\n\n<p><strong>Prensa Presidencial\/ Irmary D\u00edaz<\/strong><\/p>\n","protected":false},"excerpt":{"rendered":"<p>Macarao, Caracas. \u2013 El presidentede la Rep\u00fablica Bolivariana de Venezuela, Nicol\u00e1s Maduro Moros,destac\u00f3 durante laclausura del II Curso de Operaciones Especiales Revolucionarias (COER), que \u00abVenezuela naci\u00f3 para ser libre, soberana, rebelde e independiente por siempre, porque naci\u00f3 para vencer y jam\u00e1s ser vencidos\u00bb. En este orden de ideas, el Comandante en Jefe de la Fuerza [&hellip;]<\/p>\n","protected":false},"author":1,"featured_media":23467,"comment_status":"open","ping_status":"open","sticky":false,"template":"","format":"standard","meta":{"footnotes":""},"categories":[18,7],"tags":[],"class_list":["post-23466","post","type-post","status-publish","format-standard","has-post-thumbnail","hentry","category-noticias-principales","category-notas-de-prensa"],"_links":{"self":[{"href":"https:\/\/prensapresidencialvenezuela.gob.ve\/index.php\/wp-json\/wp\/v2\/posts\/23466","targetHints":{"allow":["GET"]}}],"collection":[{"href":"https:\/\/prensapresidencialvenezuela.gob.ve\/index.php\/wp-json\/wp\/v2\/posts"}],"about":[{"href":"https:\/\/prensapresidencialvenezuela.gob.ve\/index.php\/wp-json\/wp\/v2\/types\/post"}],"author":[{"embeddable":true,"href":"https:\/\/prensapresidencialvenezuela.gob.ve\/index.php\/wp-json\/wp\/v2\/users\/1"}],"replies":[{"embeddable":true,"href":"https:\/\/prensapresidencialvenezuela.gob.ve\/index.php\/wp-json\/wp\/v2\/comments?post=23466"}],"version-history":[{"count":1,"href":"https:\/\/prensapresidencialvenezuela.gob.ve\/index.php\/wp-json\/wp\/v2\/posts\/23466\/revisions"}],"predecessor-version":[{"id":23469,"href":"https:\/\/prensapresidencialvenezuela.gob.ve\/index.php\/wp-json\/wp\/v2\/posts\/23466\/revisions\/23469"}],"wp:featuredmedia":[{"embeddable":true,"href":"https:\/\/prensapresidencialvenezuela.gob.ve\/index.php\/wp-json\/wp\/v2\/media\/23467"}],"wp:attachment":[{"href":"https:\/\/prensapresidencialvenezuela.gob.ve\/index.php\/wp-json\/wp\/v2\/media?parent=23466"}],"wp:term":[{"taxonomy":"category","embeddable":true,"href":"https:\/\/prensapresidencialvenezuela.gob.ve\/index.php\/wp-json\/wp\/v2\/categories?post=23466"},{"taxonomy":"post_tag","embeddable":true,"href":"https:\/\/prensapresidencialvenezuela.gob.ve\/index.php\/wp-json\/wp\/v2\/tags?post=23466"}],"curies":[{"name":"wp","href":"https:\/\/api.w.org\/{rel}","templated":true}]}}