{"id":23470,"date":"2025-08-29T11:02:40","date_gmt":"2025-08-29T15:02:40","guid":{"rendered":"https:\/\/prensapresidencialvenezuela.gob.ve\/?p=23470"},"modified":"2025-08-29T11:02:41","modified_gmt":"2025-08-29T15:02:41","slug":"revolucion-bolivariana-se-mantiene-fortalecida-ante-arremetidas-imperiales","status":"publish","type":"post","link":"https:\/\/prensapresidencialvenezuela.gob.ve\/index.php\/2025\/08\/29\/revolucion-bolivariana-se-mantiene-fortalecida-ante-arremetidas-imperiales\/","title":{"rendered":"Revoluci\u00f3n Bolivariana se mantiene fortalecida ante arremetidas imperiales"},"content":{"rendered":"\n<p><strong>Macarao, Caracas. \u2013 <\/strong>Durante clausura del II Curso de Operaciones Especiales Revolucionarias (COER), el presidente de la Rep\u00fablica Bolivariana de Venezuela, Nicol\u00e1s Maduro Moros, destac\u00f3 que la situaci\u00f3n de asedio por parte del Imperio norteamericano, acoso ilegal que ha estado enfrentando Venezuela, viola totalmente la Carta de las Naciones Unidas.<\/p>\n\n\n\n<h2 class=\"wp-block-heading\">Por este motivo, el Jefe de Estado destac\u00f3 que luego de veinte (20) d\u00edas continuos de que la Naci\u00f3n venezolana tambi\u00e9n atravesara por guerras psicol\u00f3gicas y amenazas, hoy se mantiene m\u00e1s fuerte que ayer y m\u00e1s preparada para defender la paz, la soberan\u00eda y la integridad territorial del pa\u00eds.<\/h2>\n\n\n\n<p>Asimismo, acot\u00f3 que esta oportunidad de fortalecimiento para Venezuela, permitir\u00e1 el afianzamiento de los planes de defensa de la naci\u00f3n, en lo moral, en lo pol\u00edtico, en lo institucional, en lo psicol\u00f3gico, as\u00ed como en la unidad nacional.&nbsp;<\/p>\n\n\n\n<figure class=\"wp-block-image size-large\"><img fetchpriority=\"high\" decoding=\"async\" width=\"760\" height=\"1024\" src=\"https:\/\/prensapresidencialvenezuela.gob.ve\/wp-content\/uploads\/2025\/08\/05_ZC_L0417_P-760x1024.jpg\" alt=\"\" class=\"wp-image-23472\" srcset=\"https:\/\/prensapresidencialvenezuela.gob.ve\/wp-content\/uploads\/2025\/08\/05_ZC_L0417_P-760x1024.jpg 760w, https:\/\/prensapresidencialvenezuela.gob.ve\/wp-content\/uploads\/2025\/08\/05_ZC_L0417_P-223x300.jpg 223w, https:\/\/prensapresidencialvenezuela.gob.ve\/wp-content\/uploads\/2025\/08\/05_ZC_L0417_P-768x1034.jpg 768w, https:\/\/prensapresidencialvenezuela.gob.ve\/wp-content\/uploads\/2025\/08\/05_ZC_L0417_P-1140x1536.jpg 1140w, https:\/\/prensapresidencialvenezuela.gob.ve\/wp-content\/uploads\/2025\/08\/05_ZC_L0417_P.jpg 1485w\" sizes=\"(max-width: 760px) 100vw, 760px\" \/><\/figure>\n\n\n\n<p>En la misma l\u00ednea, el Comandante en Jefe de la Fuerza Armada Nacional Bolivariana (FANB), Nicol\u00e1s Maduro, ha reiterado que Venezuela cuenta con m\u00e1s apoyo nacional e internacional; y esto es una muestra contundente de la fuerza moral que ha dejado Bol\u00edvar; Sucre; Urdaneta; Manuela S\u00e1enz; Josefa Joaquina S\u00e1nchez; Luisa C\u00e1ceres de Arismendi; Juana Ram\u00edrez, La Avanzadora; Ana Mar\u00eda Campos; el General del Pueblo Ezequiel Zamora; el Gran Cacique Guaicaipuro y el Comandante Supremo Hugo Ch\u00e1vez.<\/p>\n\n\n\n<p>En este sentido, el Presidente tambi\u00e9n ha resaltado que ante cada amenaza habr\u00e1 una respuesta, y ante cada intento del enemigo, fortaleza; porque aunque intenten colonizar a Venezuela, partirla en pedazos, no han podido ni podr\u00e1n jam\u00e1s.<\/p>\n\n\n\n<h2 class=\"wp-block-heading\"><strong>\u00abNo hay forma de que entren a Venezuela\u00bb<\/strong><\/h2>\n\n\n\n<p>El L\u00edder Revolucionario subray\u00f3 que el arma m\u00e1s poderosa de Venezuela es y ser\u00e1 la Revoluci\u00f3n Bolivariana, en vista de que la naci\u00f3n tiene un arma m\u00e1s vigorosa que todas las bases militares, que todas sus armas, el arma de la historia bolivariana, que ha respetado la patria de Bol\u00edvar y Ch\u00e1vez, que se mantiene de victoria en victoria.<\/p>\n\n\n\n<p>\u00abNi sanciones ni asedio, no han podido ni podr\u00e1n y no hay forma de que entren a Venezuela, y todo lo que estamos haciendo es recibir la admiraci\u00f3n, comprensi\u00f3n impresionante del mundo entero, de todas las civilizaciones, desde las m\u00e1s antiguas en el Asia, China, Rusia, India, hasta las civilizaciones m\u00e1s cercanas, nuestros hermanos del continente latinoamericano y caribe\u00f1o\u00bb, precis\u00f3 el Dignatario venezolano.<\/p>\n\n\n\n<p>Por otra parte, ha se\u00f1alado con relaci\u00f3n a lo expresado en l\u00edneas anteriores, que en el pa\u00eds se seguir\u00e1n formando oficiales de la patria indestructibles, para garantizar la paz y soberan\u00eda de la Rep\u00fablica Bolivariana de Venezuela.<\/p>\n\n\n\n<p><strong>Prensa Presidencial\/ Irmary D\u00edaz.<\/strong><\/p>\n","protected":false},"excerpt":{"rendered":"<p>Macarao, Caracas. \u2013 Durante clausura del II Curso de Operaciones Especiales Revolucionarias (COER), el presidente de la Rep\u00fablica Bolivariana de Venezuela, Nicol\u00e1s Maduro Moros, destac\u00f3 que la situaci\u00f3n de asedio por parte del Imperio norteamericano, acoso ilegal que ha estado enfrentando Venezuela, viola totalmente la Carta de las Naciones Unidas. Por este motivo, el Jefe [&hellip;]<\/p>\n","protected":false},"author":1,"featured_media":23471,"comment_status":"open","ping_status":"open","sticky":false,"template":"","format":"standard","meta":{"footnotes":""},"categories":[18,7],"tags":[],"class_list":["post-23470","post","type-post","status-publish","format-standard","has-post-thumbnail","hentry","category-noticias-principales","category-notas-de-prensa"],"_links":{"self":[{"href":"https:\/\/prensapresidencialvenezuela.gob.ve\/index.php\/wp-json\/wp\/v2\/posts\/23470","targetHints":{"allow":["GET"]}}],"collection":[{"href":"https:\/\/prensapresidencialvenezuela.gob.ve\/index.php\/wp-json\/wp\/v2\/posts"}],"about":[{"href":"https:\/\/prensapresidencialvenezuela.gob.ve\/index.php\/wp-json\/wp\/v2\/types\/post"}],"author":[{"embeddable":true,"href":"https:\/\/prensapresidencialvenezuela.gob.ve\/index.php\/wp-json\/wp\/v2\/users\/1"}],"replies":[{"embeddable":true,"href":"https:\/\/prensapresidencialvenezuela.gob.ve\/index.php\/wp-json\/wp\/v2\/comments?post=23470"}],"version-history":[{"count":1,"href":"https:\/\/prensapresidencialvenezuela.gob.ve\/index.php\/wp-json\/wp\/v2\/posts\/23470\/revisions"}],"predecessor-version":[{"id":23473,"href":"https:\/\/prensapresidencialvenezuela.gob.ve\/index.php\/wp-json\/wp\/v2\/posts\/23470\/revisions\/23473"}],"wp:featuredmedia":[{"embeddable":true,"href":"https:\/\/prensapresidencialvenezuela.gob.ve\/index.php\/wp-json\/wp\/v2\/media\/23471"}],"wp:attachment":[{"href":"https:\/\/prensapresidencialvenezuela.gob.ve\/index.php\/wp-json\/wp\/v2\/media?parent=23470"}],"wp:term":[{"taxonomy":"category","embeddable":true,"href":"https:\/\/prensapresidencialvenezuela.gob.ve\/index.php\/wp-json\/wp\/v2\/categories?post=23470"},{"taxonomy":"post_tag","embeddable":true,"href":"https:\/\/prensapresidencialvenezuela.gob.ve\/index.php\/wp-json\/wp\/v2\/tags?post=23470"}],"curies":[{"name":"wp","href":"https:\/\/api.w.org\/{rel}","templated":true}]}}