{"id":23477,"date":"2025-08-29T12:10:39","date_gmt":"2025-08-29T16:10:39","guid":{"rendered":"https:\/\/prensapresidencialvenezuela.gob.ve\/?p=23477"},"modified":"2025-08-29T12:16:25","modified_gmt":"2025-08-29T16:16:25","slug":"zona-binacional-no-1-avanza-tras-recientes-actuaciones-del-gobierno-de-colombia","status":"publish","type":"post","link":"https:\/\/prensapresidencialvenezuela.gob.ve\/index.php\/2025\/08\/29\/zona-binacional-no-1-avanza-tras-recientes-actuaciones-del-gobierno-de-colombia\/","title":{"rendered":"Zona Binacional N.\u00ba 1 avanza con el respaldo del Gobierno de Colombia"},"content":{"rendered":"\n<blockquote class=\"wp-block-quote is-layout-flow wp-block-quote-is-layout-flow\">\n<p><strong>Parroquia Macarao, Caracas.-<\/strong> Desde la sede del Grupo de Acciones de Comando de la Guardia Nacional Bolivariana y ante los graduandos del II Curso de Operaciones Especiales Revolucionarias (COER), el comandante en jefe, Nicol\u00e1s Maduro Moros, agradeci\u00f3 al presidente de Colombia, Gustavo Petro, las acciones realizadas para limpiar la zona binacional de bandas narcoterroristas.<\/p>\n<\/blockquote>\n\n\n\n<p>\u00abEl Presidente Gustavo Petro ha dado una orden, hoy, de reforzar con 25 mil hombres, un nuevo pie de fuerza para toda la zona del Catatumbo colombiano. As\u00ed que, la coordinaci\u00f3n de la Zona Binacional No.1 avanza para bien de la soberan\u00eda, la paz y el futuro de prosperidad de nuestros pueblos fronterizos\u00bb, explic\u00f3 el Jefe de Estado venezolano.<\/p>\n\n\n\n<p>En un discurso dirigido a los reci\u00e9n graduados, el Dignatario nacional reafirm\u00f3 el deseo de los venezolanos y colombianos de permanecer unidos por la paz, la prosperidad y la soberan\u00eda de ambas naciones. As\u00ed mismo instruy\u00f3 al vicepresidente Sectorial de Soberan\u00eda Pol\u00edtica, Seguridad y Paz y ministro del Poder Popular para la Defensa, Vladimir Padrino L\u00f3pez, a restablecer el contacto con su hom\u00f3logo colombiano.<\/p>\n\n\n\n<figure class=\"wp-block-image size-large\"><img fetchpriority=\"high\" decoding=\"async\" width=\"1024\" height=\"889\" src=\"https:\/\/prensapresidencialvenezuela.gob.ve\/wp-content\/uploads\/2025\/08\/11_ZC_L0502_P-1024x889.jpg\" alt=\"\" class=\"wp-image-23480\" srcset=\"https:\/\/prensapresidencialvenezuela.gob.ve\/wp-content\/uploads\/2025\/08\/11_ZC_L0502_P-1024x889.jpg 1024w, https:\/\/prensapresidencialvenezuela.gob.ve\/wp-content\/uploads\/2025\/08\/11_ZC_L0502_P-300x261.jpg 300w, https:\/\/prensapresidencialvenezuela.gob.ve\/wp-content\/uploads\/2025\/08\/11_ZC_L0502_P-768x667.jpg 768w, https:\/\/prensapresidencialvenezuela.gob.ve\/wp-content\/uploads\/2025\/08\/11_ZC_L0502_P-1536x1334.jpg 1536w, https:\/\/prensapresidencialvenezuela.gob.ve\/wp-content\/uploads\/2025\/08\/11_ZC_L0502_P-2048x1779.jpg 2048w\" sizes=\"(max-width: 1024px) 100vw, 1024px\" \/><\/figure>\n\n\n\n<p>En palabras del Mandatario, el objetivo de esta comunicaci\u00f3n es mantener las coordinaciones para garantizar la defensa y la seguridad en la <strong>Zona Binacional N\u00famero 1<\/strong>. Esta \u00e1rea, que comprende el estado T\u00e1chira y se extiende a lo largo de toda la frontera del Zulia hasta la Guajira, debe ser limpiada para seguir construyendo las bases de una paz estable y con calidad de vida.<\/p>\n\n\n\n<p>En este encuentro de comandos, catalogados por el presidente Nicol\u00e1s Maduro como \u00abindestructibles e invencibles\u00bb, el Mandatario nacional dijo que las formaciones y entrenamientos continuar\u00e1n. \u00abSomos un pueblo de paz y paz queremos y paz tendremos, pero los caminos de Suram\u00e9rica est\u00e1n abiertos para defender la Patria Grande\u00bb, puntualiz\u00f3 para referirse a capacitaci\u00f3n de los cuerpos de seguridad del Estado ante las constantes amenazas imperialistas.<\/p>\n\n\n\n<p><strong>M\u00e1s desaf\u00edos para la nueva cohorte<\/strong><\/p>\n\n\n\n<p>El Presidente de Venezuela orden\u00f3 al Comandante de las Fuerzas Especiales que la nueva cohorte del Curso de Operaciones Especiales Revolucionarias (COER), con los m\u00e9todos aprendidos, recorran el territorio del estado T\u00e1chira hasta La Guajira, para contribuir y sumar a las acciones de paz, que tanto Colombia como Venezuela desean consolidar.<\/p>\n\n\n\n<figure class=\"wp-block-image size-large\"><img decoding=\"async\" width=\"1024\" height=\"683\" src=\"https:\/\/prensapresidencialvenezuela.gob.ve\/wp-content\/uploads\/2025\/08\/14_ZC__7609_P-1024x683.jpg\" alt=\"\" class=\"wp-image-23481\" srcset=\"https:\/\/prensapresidencialvenezuela.gob.ve\/wp-content\/uploads\/2025\/08\/14_ZC__7609_P-1024x683.jpg 1024w, https:\/\/prensapresidencialvenezuela.gob.ve\/wp-content\/uploads\/2025\/08\/14_ZC__7609_P-300x200.jpg 300w, https:\/\/prensapresidencialvenezuela.gob.ve\/wp-content\/uploads\/2025\/08\/14_ZC__7609_P-768x512.jpg 768w, https:\/\/prensapresidencialvenezuela.gob.ve\/wp-content\/uploads\/2025\/08\/14_ZC__7609_P-1536x1024.jpg 1536w, https:\/\/prensapresidencialvenezuela.gob.ve\/wp-content\/uploads\/2025\/08\/14_ZC__7609_P-2048x1366.jpg 2048w\" sizes=\"(max-width: 1024px) 100vw, 1024px\" \/><\/figure>\n\n\n\n<p>Para el Estado venezolano los egresados del COER, que durante 75 d\u00edas recibieron conocimientos, t\u00e9cnicas y destrezas para la defensa y soberan\u00eda de nuestra Patria, ahora representan una plataforma de formaci\u00f3n avanzada, que fortalece las capacidades operativas de los cuerpos de seguridad y defensa del pa\u00eds. A trav\u00e9s de entrenamientos rigurosos en combate cercano, patrullaje rural, inteligencia t\u00e1ctica y manejo de tecnolog\u00eda, se forjaron estos combatientes para obtener habilidades superiores, preparadas para actuar con precisi\u00f3n y determinaci\u00f3n en escenarios de alta complejidad.<\/p>\n\n\n\n<p>Los egresados destacados de esta segunda cohorte, recibieron su reconocimiento para promover la uni\u00f3n c\u00edvico-militar-policial y la consolidaci\u00f3n de un frente com\u00fan en defensa de la soberan\u00eda.<\/p>\n\n\n\n<p><strong>Prensa Presidencial\/ Claudia Guerra M\u00e9ndez<\/strong><\/p>\n","protected":false},"excerpt":{"rendered":"<p>Parroquia Macarao, Caracas.- Desde la sede del Grupo de Acciones de Comando de la Guardia Nacional Bolivariana y ante los graduandos del II Curso de Operaciones Especiales Revolucionarias (COER), el comandante en jefe, Nicol\u00e1s Maduro Moros, agradeci\u00f3 al presidente de Colombia, Gustavo Petro, las acciones realizadas para limpiar la zona binacional de bandas narcoterroristas. \u00abEl [&hellip;]<\/p>\n","protected":false},"author":1,"featured_media":23485,"comment_status":"open","ping_status":"open","sticky":false,"template":"","format":"standard","meta":{"footnotes":""},"categories":[18,7],"tags":[],"class_list":["post-23477","post","type-post","status-publish","format-standard","has-post-thumbnail","hentry","category-noticias-principales","category-notas-de-prensa"],"_links":{"self":[{"href":"https:\/\/prensapresidencialvenezuela.gob.ve\/index.php\/wp-json\/wp\/v2\/posts\/23477","targetHints":{"allow":["GET"]}}],"collection":[{"href":"https:\/\/prensapresidencialvenezuela.gob.ve\/index.php\/wp-json\/wp\/v2\/posts"}],"about":[{"href":"https:\/\/prensapresidencialvenezuela.gob.ve\/index.php\/wp-json\/wp\/v2\/types\/post"}],"author":[{"embeddable":true,"href":"https:\/\/prensapresidencialvenezuela.gob.ve\/index.php\/wp-json\/wp\/v2\/users\/1"}],"replies":[{"embeddable":true,"href":"https:\/\/prensapresidencialvenezuela.gob.ve\/index.php\/wp-json\/wp\/v2\/comments?post=23477"}],"version-history":[{"count":2,"href":"https:\/\/prensapresidencialvenezuela.gob.ve\/index.php\/wp-json\/wp\/v2\/posts\/23477\/revisions"}],"predecessor-version":[{"id":23484,"href":"https:\/\/prensapresidencialvenezuela.gob.ve\/index.php\/wp-json\/wp\/v2\/posts\/23477\/revisions\/23484"}],"wp:featuredmedia":[{"embeddable":true,"href":"https:\/\/prensapresidencialvenezuela.gob.ve\/index.php\/wp-json\/wp\/v2\/media\/23485"}],"wp:attachment":[{"href":"https:\/\/prensapresidencialvenezuela.gob.ve\/index.php\/wp-json\/wp\/v2\/media?parent=23477"}],"wp:term":[{"taxonomy":"category","embeddable":true,"href":"https:\/\/prensapresidencialvenezuela.gob.ve\/index.php\/wp-json\/wp\/v2\/categories?post=23477"},{"taxonomy":"post_tag","embeddable":true,"href":"https:\/\/prensapresidencialvenezuela.gob.ve\/index.php\/wp-json\/wp\/v2\/tags?post=23477"}],"curies":[{"name":"wp","href":"https:\/\/api.w.org\/{rel}","templated":true}]}}