{"id":23483,"date":"2025-08-29T12:18:44","date_gmt":"2025-08-29T16:18:44","guid":{"rendered":"https:\/\/prensapresidencialvenezuela.gob.ve\/?p=23483"},"modified":"2025-08-29T12:18:44","modified_gmt":"2025-08-29T16:18:44","slug":"habilitados-945-puntos-para-jornada-de-alistamiento-a-la-milicia-bolivariana-en-todo-el-pais","status":"publish","type":"post","link":"https:\/\/prensapresidencialvenezuela.gob.ve\/index.php\/2025\/08\/29\/habilitados-945-puntos-para-jornada-de-alistamiento-a-la-milicia-bolivariana-en-todo-el-pais\/","title":{"rendered":"Habilitados 945 puntos para jornada de alistamiento a la Milicia Bolivariana en todo el pa\u00eds"},"content":{"rendered":"\n<p><strong>Macarao, Caracas. \u2013 <\/strong>Este jueves, el presidente de la Rep\u00fablica Bolivariana de Venezuela, Nicol\u00e1s Maduro Moros, anunci\u00f3 la continuaci\u00f3n de la jornada de alistamiento a la Milicia Nacional Bolivariana (MNB), para este viernes 29 y s\u00e1bado 30 de agosto del 2025.<\/p>\n\n\n\n<p>El Jefe de Estado venezolano tambi\u00e9n inform\u00f3 que para esta gran jornada estar\u00e1n activos 945 puntos en todo el territorio nacional, que estar\u00e1n comprendidos entre plazas Bol\u00edvar, municipios y parroquias, territorios comunales, asentamientos campesinos, empresas p\u00fablicas y privadas, estrat\u00e9gicas y en general, e industrias del pa\u00eds.<\/p>\n\n\n\n<p>Durante la clausura del II Curso de Operaciones Especiales Revolucionarias (COER), el Comandante en Jefe de la Fuerza Armada Nacional Bolivariana (FANB), resalt\u00f3 que estas acciones son implementadas con el objetivo de continuar incorporando ciudadanos a la MB para la defensa integral de la naci\u00f3n.<\/p>\n\n\n\n<p><strong>Juramento por la Patria<\/strong><\/p>\n\n\n\n<p>Bajo la premisa de \u00abUnidos somos invencibles\u00bb, el grupo de 1 mil 3 venezolanos y venezolanas que se adiestraron en el segundo Curso de Operaciones Especiales Revolucionarias, reafirmaron su compromiso de defender la patria de todo tipo de amenaza.<\/p>\n\n\n\n<p>\u00abHan jurado por la patria, por esta tierra sagrada. Si as\u00ed lo hicieran, merecer\u00e1n las bendiciones de Dios, del pueblo y el reconocimiento de toda la patria. Quedan ustedes investidos desde este momento en profesionales de los Cuerpos Especiales de la Rep\u00fablica Bolivariana de Venezuela\u00bb, les dijo el presidente Nicol\u00e1s Maduro Moros a los graduandos y graduandas de la segunda cohorte del COER en su acto de juramentaci\u00f3n.<\/p>\n\n\n\n<p><strong>Prensa Presidencial\/ Irmary D\u00edaz<\/strong><\/p>\n","protected":false},"excerpt":{"rendered":"<p>Macarao, Caracas. \u2013 Este jueves, el presidente de la Rep\u00fablica Bolivariana de Venezuela, Nicol\u00e1s Maduro Moros, anunci\u00f3 la continuaci\u00f3n de la jornada de alistamiento a la Milicia Nacional Bolivariana (MNB), para este viernes 29 y s\u00e1bado 30 de agosto del 2025. El Jefe de Estado venezolano tambi\u00e9n inform\u00f3 que para esta gran jornada estar\u00e1n activos [&hellip;]<\/p>\n","protected":false},"author":1,"featured_media":23486,"comment_status":"open","ping_status":"open","sticky":false,"template":"","format":"standard","meta":{"footnotes":""},"categories":[18,7],"tags":[],"class_list":["post-23483","post","type-post","status-publish","format-standard","has-post-thumbnail","hentry","category-noticias-principales","category-notas-de-prensa"],"_links":{"self":[{"href":"https:\/\/prensapresidencialvenezuela.gob.ve\/index.php\/wp-json\/wp\/v2\/posts\/23483","targetHints":{"allow":["GET"]}}],"collection":[{"href":"https:\/\/prensapresidencialvenezuela.gob.ve\/index.php\/wp-json\/wp\/v2\/posts"}],"about":[{"href":"https:\/\/prensapresidencialvenezuela.gob.ve\/index.php\/wp-json\/wp\/v2\/types\/post"}],"author":[{"embeddable":true,"href":"https:\/\/prensapresidencialvenezuela.gob.ve\/index.php\/wp-json\/wp\/v2\/users\/1"}],"replies":[{"embeddable":true,"href":"https:\/\/prensapresidencialvenezuela.gob.ve\/index.php\/wp-json\/wp\/v2\/comments?post=23483"}],"version-history":[{"count":1,"href":"https:\/\/prensapresidencialvenezuela.gob.ve\/index.php\/wp-json\/wp\/v2\/posts\/23483\/revisions"}],"predecessor-version":[{"id":23487,"href":"https:\/\/prensapresidencialvenezuela.gob.ve\/index.php\/wp-json\/wp\/v2\/posts\/23483\/revisions\/23487"}],"wp:featuredmedia":[{"embeddable":true,"href":"https:\/\/prensapresidencialvenezuela.gob.ve\/index.php\/wp-json\/wp\/v2\/media\/23486"}],"wp:attachment":[{"href":"https:\/\/prensapresidencialvenezuela.gob.ve\/index.php\/wp-json\/wp\/v2\/media?parent=23483"}],"wp:term":[{"taxonomy":"category","embeddable":true,"href":"https:\/\/prensapresidencialvenezuela.gob.ve\/index.php\/wp-json\/wp\/v2\/categories?post=23483"},{"taxonomy":"post_tag","embeddable":true,"href":"https:\/\/prensapresidencialvenezuela.gob.ve\/index.php\/wp-json\/wp\/v2\/tags?post=23483"}],"curies":[{"name":"wp","href":"https:\/\/api.w.org\/{rel}","templated":true}]}}