{"id":23488,"date":"2025-08-30T11:37:40","date_gmt":"2025-08-30T15:37:40","guid":{"rendered":"https:\/\/prensapresidencialvenezuela.gob.ve\/?p=23488"},"modified":"2025-08-30T11:37:41","modified_gmt":"2025-08-30T15:37:41","slug":"presidente-nicolas-maduro-felicita-al-ejemplar-pueblo-venezolano-ante-segunda-jornada-de-alistamiento","status":"publish","type":"post","link":"https:\/\/prensapresidencialvenezuela.gob.ve\/index.php\/2025\/08\/30\/presidente-nicolas-maduro-felicita-al-ejemplar-pueblo-venezolano-ante-segunda-jornada-de-alistamiento\/","title":{"rendered":"Presidente Nicol\u00e1s Maduro felicita al ejemplar pueblo venezolano ante segunda Jornada de Alistamiento"},"content":{"rendered":"\n<p><strong>Palacio de Miraflores, Caracas.-<\/strong> Los venezolanos y venezolanas de todo el pa\u00eds que han salido a participar en la segunda Jornada de Alistamiento del Plan Nacional de Soberan\u00eda y Paz \u00abSim\u00f3n Bol\u00edvar\u00bb, fueron felicitados en horas de la ma\u00f1ana de este s\u00e1bado por el presidente de la Rep\u00fablica Bolivariana de Venezuela, Nicol\u00e1s Maduro Moros, ante su voluntaria asistencia.<\/p>\n\n\n\n<p>\u00abFelicito al heroico pueblo venezolano por su masiva y ejemplar participaci\u00f3n en la segunda Jornada de Alistamiento del Plan Nacional de Soberan\u00eda y Paz \u201cSim\u00f3n Bol\u00edvar\u201d, un acto que reafirma el compromiso con la defensa integral de la naci\u00f3n. El esp\u00edritu de Bol\u00edvar vive en cada trabajador, trabajadora, pescador, pescadora, acuicultor y acuicultura que hoy responde con valent\u00eda al llamado del clar\u00edn de la Patria\u00bb, expres\u00f3 en su canal de Telegram.<\/p>\n\n\n\n<p>Para el Mandatario Nacional la cohesi\u00f3n de las fuerzas populares se ha convertido en un bloque hist\u00f3rico invencible ante cualquier amenaza del imperialismo norteamericano y sus lacayos fascistas. \u00abCada alistado y alistada representa la voluntad de un pueblo que no se rinde, que se prepara, se une y defiende su soberan\u00eda con dignidad y coraje\u00bb, enfatiz\u00f3 en su comunicaci\u00f3n.<\/p>\n\n\n\n<p>La ocasi\u00f3n fue propicia para ratificar que el camino de la Paz y la Independencia plena se construye con el protagonismo del pueblo. Pidi\u00f3 a sus seguidores \u00abavanzar con firmeza y la fuerza de nuestras ra\u00edces rebeldes y libertarias, con la claridad de nuestro destino. \u00a1Que viva el pueblo venezolano, la soberan\u00eda y la Paz!\u00bb, para concluir con su mensaje.<\/p>\n\n\n\n<p><strong>Prensa Presidencial\/ Claudia Guerra M\u00e9ndez<\/strong><\/p>\n","protected":false},"excerpt":{"rendered":"<p>Palacio de Miraflores, Caracas.- Los venezolanos y venezolanas de todo el pa\u00eds que han salido a participar en la segunda Jornada de Alistamiento del Plan Nacional de Soberan\u00eda y Paz \u00abSim\u00f3n Bol\u00edvar\u00bb, fueron felicitados en horas de la ma\u00f1ana de este s\u00e1bado por el presidente de la Rep\u00fablica Bolivariana de Venezuela, Nicol\u00e1s Maduro Moros, ante [&hellip;]<\/p>\n","protected":false},"author":1,"featured_media":23489,"comment_status":"open","ping_status":"open","sticky":false,"template":"","format":"standard","meta":{"footnotes":""},"categories":[18,7],"tags":[],"class_list":["post-23488","post","type-post","status-publish","format-standard","has-post-thumbnail","hentry","category-noticias-principales","category-notas-de-prensa"],"_links":{"self":[{"href":"https:\/\/prensapresidencialvenezuela.gob.ve\/index.php\/wp-json\/wp\/v2\/posts\/23488","targetHints":{"allow":["GET"]}}],"collection":[{"href":"https:\/\/prensapresidencialvenezuela.gob.ve\/index.php\/wp-json\/wp\/v2\/posts"}],"about":[{"href":"https:\/\/prensapresidencialvenezuela.gob.ve\/index.php\/wp-json\/wp\/v2\/types\/post"}],"author":[{"embeddable":true,"href":"https:\/\/prensapresidencialvenezuela.gob.ve\/index.php\/wp-json\/wp\/v2\/users\/1"}],"replies":[{"embeddable":true,"href":"https:\/\/prensapresidencialvenezuela.gob.ve\/index.php\/wp-json\/wp\/v2\/comments?post=23488"}],"version-history":[{"count":1,"href":"https:\/\/prensapresidencialvenezuela.gob.ve\/index.php\/wp-json\/wp\/v2\/posts\/23488\/revisions"}],"predecessor-version":[{"id":23490,"href":"https:\/\/prensapresidencialvenezuela.gob.ve\/index.php\/wp-json\/wp\/v2\/posts\/23488\/revisions\/23490"}],"wp:featuredmedia":[{"embeddable":true,"href":"https:\/\/prensapresidencialvenezuela.gob.ve\/index.php\/wp-json\/wp\/v2\/media\/23489"}],"wp:attachment":[{"href":"https:\/\/prensapresidencialvenezuela.gob.ve\/index.php\/wp-json\/wp\/v2\/media?parent=23488"}],"wp:term":[{"taxonomy":"category","embeddable":true,"href":"https:\/\/prensapresidencialvenezuela.gob.ve\/index.php\/wp-json\/wp\/v2\/categories?post=23488"},{"taxonomy":"post_tag","embeddable":true,"href":"https:\/\/prensapresidencialvenezuela.gob.ve\/index.php\/wp-json\/wp\/v2\/tags?post=23488"}],"curies":[{"name":"wp","href":"https:\/\/api.w.org\/{rel}","templated":true}]}}