{"id":23491,"date":"2025-08-30T12:25:07","date_gmt":"2025-08-30T16:25:07","guid":{"rendered":"https:\/\/prensapresidencialvenezuela.gob.ve\/?p=23491"},"modified":"2025-08-30T12:25:07","modified_gmt":"2025-08-30T16:25:07","slug":"participacion-masiva-y-voluntaria-prevalece-en-segunda-jornada-de-alistamiento-a-la-milicia-bolivariana","status":"publish","type":"post","link":"https:\/\/prensapresidencialvenezuela.gob.ve\/index.php\/2025\/08\/30\/participacion-masiva-y-voluntaria-prevalece-en-segunda-jornada-de-alistamiento-a-la-milicia-bolivariana\/","title":{"rendered":"Participaci\u00f3n masiva y voluntaria prevalece en segunda Jornada de Alistamiento a la Milicia Bolivariana"},"content":{"rendered":"\n<p><strong>Plaza Bol\u00edvar, Caracas.-<\/strong> Desde el punto de registro, ubicado en la Plaza Bol\u00edvar de Caracas, el ministro del Poder Popular del Despacho de la Presidencia y Seguimiento de la Gesti\u00f3n de Gobierno, Vicealmirante An\u00edbal Coronado Mill\u00e1n, inform\u00f3 que la participaci\u00f3n voluntaria del pueblo venezolano para la defensa de nuestra independencia y soberan\u00eda, est\u00e1 m\u00e1s activa que nunca.<\/p>\n\n\n\n<figure class=\"wp-block-image size-large\"><img fetchpriority=\"high\" decoding=\"async\" width=\"1024\" height=\"744\" src=\"https:\/\/prensapresidencialvenezuela.gob.ve\/wp-content\/uploads\/2025\/08\/17_ZC_L0702_P-1024x744.jpg\" alt=\"\" class=\"wp-image-23493\" srcset=\"https:\/\/prensapresidencialvenezuela.gob.ve\/wp-content\/uploads\/2025\/08\/17_ZC_L0702_P-1024x744.jpg 1024w, https:\/\/prensapresidencialvenezuela.gob.ve\/wp-content\/uploads\/2025\/08\/17_ZC_L0702_P-300x218.jpg 300w, https:\/\/prensapresidencialvenezuela.gob.ve\/wp-content\/uploads\/2025\/08\/17_ZC_L0702_P-768x558.jpg 768w, https:\/\/prensapresidencialvenezuela.gob.ve\/wp-content\/uploads\/2025\/08\/17_ZC_L0702_P-1536x1115.jpg 1536w, https:\/\/prensapresidencialvenezuela.gob.ve\/wp-content\/uploads\/2025\/08\/17_ZC_L0702_P-2048x1487.jpg 2048w\" sizes=\"(max-width: 1024px) 100vw, 1024px\" \/><\/figure>\n\n\n\n<p>\u00abJunto a nuestro pueblo, junto a la Milicia Bolivariana, junto a nuestras ministras, junto a nuestros compa\u00f1eros de trabajo; ac\u00e1 estamos en alegr\u00eda, obedeciendo la orden de nuestro presidente, Nicol\u00e1s Maduro Moros, para seguir el llamado a filas (&#8230;). Esta Venezuela tenemos que defenderla a toda prueba\u00bb, dijo ante los periodistas que lo abordaron durante la jornada.<\/p>\n\n\n\n<p>La alta autoridad, del Ministerio del Despacho de la Presidencia, explic\u00f3 que hay una corresponsabilidad entre las Fuerzas Armadas, el Estado y el pueblo, para seguir garantizando la paz que se merecen todos los venezolanos. A su criterio, el pueblo venezolano es ejemplo mundial al acudir masiva y voluntariamente al alistamiento en defensa de la soberan\u00eda nacional.<\/p>\n\n\n\n<figure class=\"wp-block-image size-large\"><img decoding=\"async\" width=\"1024\" height=\"787\" src=\"https:\/\/prensapresidencialvenezuela.gob.ve\/wp-content\/uploads\/2025\/08\/33_ZC_L0814_P-1024x787.jpg\" alt=\"\" class=\"wp-image-23494\" srcset=\"https:\/\/prensapresidencialvenezuela.gob.ve\/wp-content\/uploads\/2025\/08\/33_ZC_L0814_P-1024x787.jpg 1024w, https:\/\/prensapresidencialvenezuela.gob.ve\/wp-content\/uploads\/2025\/08\/33_ZC_L0814_P-300x231.jpg 300w, https:\/\/prensapresidencialvenezuela.gob.ve\/wp-content\/uploads\/2025\/08\/33_ZC_L0814_P-768x591.jpg 768w, https:\/\/prensapresidencialvenezuela.gob.ve\/wp-content\/uploads\/2025\/08\/33_ZC_L0814_P-1536x1181.jpg 1536w, https:\/\/prensapresidencialvenezuela.gob.ve\/wp-content\/uploads\/2025\/08\/33_ZC_L0814_P-2048x1575.jpg 2048w\" sizes=\"(max-width: 1024px) 100vw, 1024px\" \/><\/figure>\n\n\n\n<p>\u00abAqu\u00ed no hay reclutas, ese t\u00e9rmino de recluta pas\u00f3 a la historia, eso era en la IV Rep\u00fablica. Ac\u00e1 estamos todos voluntarios. Hoy en d\u00eda el servicio militar es voluntario, ahorita todos los muchachos entre edades comprendidas desde los 18 hasta los 35 a\u00f1os, van solitos y solitas, a alistarse y a engrosar las filas de nuestra Fuerza Armada Nacional Bolivariana\u00bb, asegur\u00f3 el ministro Coronado ante la campa\u00f1a de los medios de comunicaci\u00f3n social en redes sociales, que pretenden tergiversar el sentimiento patri\u00f3tico y libertario de los hombres y mujeres, sin distinci\u00f3n pol\u00edtica, que ha decidido defender la independencia de Venezuela.<\/p>\n\n\n\n<p><strong>Prensa Presidencial\/ Claudia Guerra M\u00e9ndez<\/strong><\/p>\n","protected":false},"excerpt":{"rendered":"<p>Plaza Bol\u00edvar, Caracas.- Desde el punto de registro, ubicado en la Plaza Bol\u00edvar de Caracas, el ministro del Poder Popular del Despacho de la Presidencia y Seguimiento de la Gesti\u00f3n de Gobierno, Vicealmirante An\u00edbal Coronado Mill\u00e1n, inform\u00f3 que la participaci\u00f3n voluntaria del pueblo venezolano para la defensa de nuestra independencia y soberan\u00eda, est\u00e1 m\u00e1s activa [&hellip;]<\/p>\n","protected":false},"author":1,"featured_media":23492,"comment_status":"open","ping_status":"open","sticky":false,"template":"","format":"standard","meta":{"footnotes":""},"categories":[18,7],"tags":[],"class_list":["post-23491","post","type-post","status-publish","format-standard","has-post-thumbnail","hentry","category-noticias-principales","category-notas-de-prensa"],"_links":{"self":[{"href":"https:\/\/prensapresidencialvenezuela.gob.ve\/index.php\/wp-json\/wp\/v2\/posts\/23491","targetHints":{"allow":["GET"]}}],"collection":[{"href":"https:\/\/prensapresidencialvenezuela.gob.ve\/index.php\/wp-json\/wp\/v2\/posts"}],"about":[{"href":"https:\/\/prensapresidencialvenezuela.gob.ve\/index.php\/wp-json\/wp\/v2\/types\/post"}],"author":[{"embeddable":true,"href":"https:\/\/prensapresidencialvenezuela.gob.ve\/index.php\/wp-json\/wp\/v2\/users\/1"}],"replies":[{"embeddable":true,"href":"https:\/\/prensapresidencialvenezuela.gob.ve\/index.php\/wp-json\/wp\/v2\/comments?post=23491"}],"version-history":[{"count":1,"href":"https:\/\/prensapresidencialvenezuela.gob.ve\/index.php\/wp-json\/wp\/v2\/posts\/23491\/revisions"}],"predecessor-version":[{"id":23495,"href":"https:\/\/prensapresidencialvenezuela.gob.ve\/index.php\/wp-json\/wp\/v2\/posts\/23491\/revisions\/23495"}],"wp:featuredmedia":[{"embeddable":true,"href":"https:\/\/prensapresidencialvenezuela.gob.ve\/index.php\/wp-json\/wp\/v2\/media\/23492"}],"wp:attachment":[{"href":"https:\/\/prensapresidencialvenezuela.gob.ve\/index.php\/wp-json\/wp\/v2\/media?parent=23491"}],"wp:term":[{"taxonomy":"category","embeddable":true,"href":"https:\/\/prensapresidencialvenezuela.gob.ve\/index.php\/wp-json\/wp\/v2\/categories?post=23491"},{"taxonomy":"post_tag","embeddable":true,"href":"https:\/\/prensapresidencialvenezuela.gob.ve\/index.php\/wp-json\/wp\/v2\/tags?post=23491"}],"curies":[{"name":"wp","href":"https:\/\/api.w.org\/{rel}","templated":true}]}}