{"id":23496,"date":"2025-09-01T12:59:03","date_gmt":"2025-09-01T16:59:03","guid":{"rendered":"https:\/\/prensapresidencialvenezuela.gob.ve\/?p=23496"},"modified":"2025-09-01T13:29:05","modified_gmt":"2025-09-01T17:29:05","slug":"presidente-maduro-reitera-su-posicion-ante-escalada-de-ee-uu-frente-a-america-latina","status":"publish","type":"post","link":"https:\/\/prensapresidencialvenezuela.gob.ve\/index.php\/2025\/09\/01\/presidente-maduro-reitera-su-posicion-ante-escalada-de-ee-uu-frente-a-america-latina\/","title":{"rendered":"Presidente Maduro reitera su posici\u00f3n ante escalada de EE.UU. frente a Am\u00e9rica Latina"},"content":{"rendered":"\n<p><strong><strong>Caracas, Venezuela.-<\/strong> <\/strong>Ante la m\u00e1xima presi\u00f3n que ejerce el gobierno de los EE.UU. en el Caribe, el presidente de la Rep\u00fablica Bolivariana de Venezuela, Nicol\u00e1s Maduro Moros, ofrece este lunes una rueda de prensa en la que fueron convocados periodistas de medios nacionales e internacionales para fijar, una vez m\u00e1s, su posici\u00f3n sobre las constantes amenazas del imperio norteamericano.<\/p>\n\n\n\n<p>Durante el encuentro, el Mandatario Nacional reitera su postura a tales amenazas, en la que destaca la m\u00e1xima preparaci\u00f3n para la defensa y la seguridad ciudadana en el contexto regional. Este espacio sirve como plataforma para que el Gobierno Bolivariano exponga su visi\u00f3n y aborde directamente las inquietudes de los medios masivos y desmonte la guerra cognitiva que trasnacionales medi\u00e1ticas tienen sobre el pueblo de Venezuela.<\/p>\n\n\n\n<figure class=\"wp-block-image size-large\"><img fetchpriority=\"high\" decoding=\"async\" width=\"1024\" height=\"683\" src=\"https:\/\/prensapresidencialvenezuela.gob.ve\/wp-content\/uploads\/2025\/09\/27_ZC__9776_P-1-1024x683.jpg\" alt=\"\" class=\"wp-image-23506\" srcset=\"https:\/\/prensapresidencialvenezuela.gob.ve\/wp-content\/uploads\/2025\/09\/27_ZC__9776_P-1-1024x683.jpg 1024w, https:\/\/prensapresidencialvenezuela.gob.ve\/wp-content\/uploads\/2025\/09\/27_ZC__9776_P-1-300x200.jpg 300w, https:\/\/prensapresidencialvenezuela.gob.ve\/wp-content\/uploads\/2025\/09\/27_ZC__9776_P-1-768x512.jpg 768w, https:\/\/prensapresidencialvenezuela.gob.ve\/wp-content\/uploads\/2025\/09\/27_ZC__9776_P-1-1536x1024.jpg 1536w, https:\/\/prensapresidencialvenezuela.gob.ve\/wp-content\/uploads\/2025\/09\/27_ZC__9776_P-1-2048x1366.jpg 2048w\" sizes=\"(max-width: 1024px) 100vw, 1024px\" \/><\/figure>\n\n\n\n<p>Esta convocatoria adquiere una relevancia particular, dadas las repetidas denuncias que el Estado venezolano ha realizado contra la pol\u00edtica desestabilizadora de los Estados Unidos y su pretensi\u00f3n de mantener un despliegue militar estadounidense en el Caribe.<\/p>\n\n\n\n<p><strong>Prensa Presidencial\/ Iliana Rosales<\/strong><\/p>\n\n\n\n<p><\/p>\n","protected":false},"excerpt":{"rendered":"<p>Caracas, Venezuela.- Ante la m\u00e1xima presi\u00f3n que ejerce el gobierno de los EE.UU. en el Caribe, el presidente de la Rep\u00fablica Bolivariana de Venezuela, Nicol\u00e1s Maduro Moros, ofrece este lunes una rueda de prensa en la que fueron convocados periodistas de medios nacionales e internacionales para fijar, una vez m\u00e1s, su posici\u00f3n sobre las constantes [&hellip;]<\/p>\n","protected":false},"author":1,"featured_media":23497,"comment_status":"open","ping_status":"open","sticky":false,"template":"","format":"standard","meta":{"footnotes":""},"categories":[18,7],"tags":[],"class_list":["post-23496","post","type-post","status-publish","format-standard","has-post-thumbnail","hentry","category-noticias-principales","category-notas-de-prensa"],"_links":{"self":[{"href":"https:\/\/prensapresidencialvenezuela.gob.ve\/index.php\/wp-json\/wp\/v2\/posts\/23496","targetHints":{"allow":["GET"]}}],"collection":[{"href":"https:\/\/prensapresidencialvenezuela.gob.ve\/index.php\/wp-json\/wp\/v2\/posts"}],"about":[{"href":"https:\/\/prensapresidencialvenezuela.gob.ve\/index.php\/wp-json\/wp\/v2\/types\/post"}],"author":[{"embeddable":true,"href":"https:\/\/prensapresidencialvenezuela.gob.ve\/index.php\/wp-json\/wp\/v2\/users\/1"}],"replies":[{"embeddable":true,"href":"https:\/\/prensapresidencialvenezuela.gob.ve\/index.php\/wp-json\/wp\/v2\/comments?post=23496"}],"version-history":[{"count":3,"href":"https:\/\/prensapresidencialvenezuela.gob.ve\/index.php\/wp-json\/wp\/v2\/posts\/23496\/revisions"}],"predecessor-version":[{"id":23509,"href":"https:\/\/prensapresidencialvenezuela.gob.ve\/index.php\/wp-json\/wp\/v2\/posts\/23496\/revisions\/23509"}],"wp:featuredmedia":[{"embeddable":true,"href":"https:\/\/prensapresidencialvenezuela.gob.ve\/index.php\/wp-json\/wp\/v2\/media\/23497"}],"wp:attachment":[{"href":"https:\/\/prensapresidencialvenezuela.gob.ve\/index.php\/wp-json\/wp\/v2\/media?parent=23496"}],"wp:term":[{"taxonomy":"category","embeddable":true,"href":"https:\/\/prensapresidencialvenezuela.gob.ve\/index.php\/wp-json\/wp\/v2\/categories?post=23496"},{"taxonomy":"post_tag","embeddable":true,"href":"https:\/\/prensapresidencialvenezuela.gob.ve\/index.php\/wp-json\/wp\/v2\/tags?post=23496"}],"curies":[{"name":"wp","href":"https:\/\/api.w.org\/{rel}","templated":true}]}}