{"id":23508,"date":"2025-09-01T13:38:10","date_gmt":"2025-09-01T17:38:10","guid":{"rendered":"https:\/\/prensapresidencialvenezuela.gob.ve\/?p=23508"},"modified":"2025-09-01T13:44:31","modified_gmt":"2025-09-01T17:44:31","slug":"conciencia-mundial-contra-nuevos-colonialismos-y-supremacismos-en-america-es-un-hecho","status":"publish","type":"post","link":"https:\/\/prensapresidencialvenezuela.gob.ve\/index.php\/2025\/09\/01\/conciencia-mundial-contra-nuevos-colonialismos-y-supremacismos-en-america-es-un-hecho\/","title":{"rendered":"Conciencia mundial contra nuevos colonialismos y supremacismos en Am\u00e9rica es un hecho"},"content":{"rendered":"\n<p><strong>Caracas, Venezuela.-<\/strong> Una conciencia global que impedir\u00e1 la imposici\u00f3n de nuevas formas de colonialismo y supremacismo en Am\u00e9rica y el resto del mundo, es el mensaje inicial del presidente de la Rep\u00fablica Bolivariana de Venezuela, Nicol\u00e1s Maduro Moros, ante los medios de comunicaci\u00f3n nacionales e internacionales que asistieron, este lunes, a la rueda de prensa convocada por el Mandatario Nacional.<\/p>\n\n\n\n<p>En un recuento de los herederos de los antiguos colonialismos, el Jefe de Estado venezolano explic\u00f3 que \u00abest\u00e1n en el poder y nos ven de la misma manera\u00bb que en el pasado. Al respecto, hizo \u00e9nfasis en el legado de lucha de Venezuela, recordando las batallas pre-independentistas de figuras como Jos\u00e9 Leonardo Chirino, Manuel Gual y Jos\u00e9 Mar\u00eda Espa\u00f1a. \u00abLos documentos que redactaron, la bandera que hicieron y la lucha que dieron por 1793, 1795 y 1797, junto a Sim\u00f3n Rodr\u00edguez, el &#8216;Robinson de Am\u00e9rica&#8217;, quedaron para siempre\u00bb, expres\u00f3.<\/p>\n\n\n\n<div class=\"wp-block-group\"><div class=\"wp-block-group__inner-container is-layout-constrained wp-block-group-is-layout-constrained\">\n<p><strong>El Presidente de Venezuela tambi\u00e9n rememor\u00f3 el pasado de resistencia de los pueblos originarios frente a la colonizaci\u00f3n europea, se\u00f1alando que una de las resistencias m\u00e1s brav\u00edas a la invasi\u00f3n y la colonizaci\u00f3n se dio en esta parte del continente. \u00abEso lo llevamos en la sangre. Est\u00e1 marcado en el ADN, en los jefes de nuestro pueblo\u00bb, a\u00f1adi\u00f3.<\/strong><\/p>\n\n\n\n<figure class=\"wp-block-image size-large\"><img fetchpriority=\"high\" decoding=\"async\" width=\"1024\" height=\"683\" src=\"https:\/\/prensapresidencialvenezuela.gob.ve\/wp-content\/uploads\/2025\/09\/11_ZC__9673_P-1-1024x683.jpg\" alt=\"\" class=\"wp-image-23516\" srcset=\"https:\/\/prensapresidencialvenezuela.gob.ve\/wp-content\/uploads\/2025\/09\/11_ZC__9673_P-1-1024x683.jpg 1024w, https:\/\/prensapresidencialvenezuela.gob.ve\/wp-content\/uploads\/2025\/09\/11_ZC__9673_P-1-300x200.jpg 300w, https:\/\/prensapresidencialvenezuela.gob.ve\/wp-content\/uploads\/2025\/09\/11_ZC__9673_P-1-768x512.jpg 768w, https:\/\/prensapresidencialvenezuela.gob.ve\/wp-content\/uploads\/2025\/09\/11_ZC__9673_P-1-1536x1024.jpg 1536w, https:\/\/prensapresidencialvenezuela.gob.ve\/wp-content\/uploads\/2025\/09\/11_ZC__9673_P-1-2048x1366.jpg 2048w\" sizes=\"(max-width: 1024px) 100vw, 1024px\" \/><\/figure>\n<\/div><\/div>\n\n\n\n<p>Como lo ha dicho en sus recientes discursos, el Dignatario Nacional critic\u00f3 la visi\u00f3n supremacista de la \u00e9poca colonial, aludiendo al debate de la Iglesia Cat\u00f3lica sobre si los pueblos ind\u00edgenas ten\u00edan alma. \u00abNos llamaron indios y luego de extensos debates, la Iglesia determin\u00f3 que s\u00ed, que ten\u00edan alma, pero eran como ni\u00f1os, que no eran seres humanos completos. As\u00ed nos ve\u00edan a nosotros\u00bb, dijo de estas acciones colonialistas.<\/p>\n\n\n\n<p><strong>Prensa Presidencial\/ Iliana Rosales<\/strong><\/p>\n\n\n\n<p><\/p>\n","protected":false},"excerpt":{"rendered":"<p>Caracas, Venezuela.- Una conciencia global que impedir\u00e1 la imposici\u00f3n de nuevas formas de colonialismo y supremacismo en Am\u00e9rica y el resto del mundo, es el mensaje inicial del presidente de la Rep\u00fablica Bolivariana de Venezuela, Nicol\u00e1s Maduro Moros, ante los medios de comunicaci\u00f3n nacionales e internacionales que asistieron, este lunes, a la rueda de prensa [&hellip;]<\/p>\n","protected":false},"author":1,"featured_media":23517,"comment_status":"open","ping_status":"open","sticky":false,"template":"","format":"standard","meta":{"footnotes":""},"categories":[18,7],"tags":[],"class_list":["post-23508","post","type-post","status-publish","format-standard","has-post-thumbnail","hentry","category-noticias-principales","category-notas-de-prensa"],"_links":{"self":[{"href":"https:\/\/prensapresidencialvenezuela.gob.ve\/index.php\/wp-json\/wp\/v2\/posts\/23508","targetHints":{"allow":["GET"]}}],"collection":[{"href":"https:\/\/prensapresidencialvenezuela.gob.ve\/index.php\/wp-json\/wp\/v2\/posts"}],"about":[{"href":"https:\/\/prensapresidencialvenezuela.gob.ve\/index.php\/wp-json\/wp\/v2\/types\/post"}],"author":[{"embeddable":true,"href":"https:\/\/prensapresidencialvenezuela.gob.ve\/index.php\/wp-json\/wp\/v2\/users\/1"}],"replies":[{"embeddable":true,"href":"https:\/\/prensapresidencialvenezuela.gob.ve\/index.php\/wp-json\/wp\/v2\/comments?post=23508"}],"version-history":[{"count":3,"href":"https:\/\/prensapresidencialvenezuela.gob.ve\/index.php\/wp-json\/wp\/v2\/posts\/23508\/revisions"}],"predecessor-version":[{"id":23518,"href":"https:\/\/prensapresidencialvenezuela.gob.ve\/index.php\/wp-json\/wp\/v2\/posts\/23508\/revisions\/23518"}],"wp:featuredmedia":[{"embeddable":true,"href":"https:\/\/prensapresidencialvenezuela.gob.ve\/index.php\/wp-json\/wp\/v2\/media\/23517"}],"wp:attachment":[{"href":"https:\/\/prensapresidencialvenezuela.gob.ve\/index.php\/wp-json\/wp\/v2\/media?parent=23508"}],"wp:term":[{"taxonomy":"category","embeddable":true,"href":"https:\/\/prensapresidencialvenezuela.gob.ve\/index.php\/wp-json\/wp\/v2\/categories?post=23508"},{"taxonomy":"post_tag","embeddable":true,"href":"https:\/\/prensapresidencialvenezuela.gob.ve\/index.php\/wp-json\/wp\/v2\/tags?post=23508"}],"curies":[{"name":"wp","href":"https:\/\/api.w.org\/{rel}","templated":true}]}}