{"id":23526,"date":"2025-09-01T16:34:47","date_gmt":"2025-09-01T20:34:47","guid":{"rendered":"https:\/\/prensapresidencialvenezuela.gob.ve\/?p=23526"},"modified":"2025-09-01T16:36:44","modified_gmt":"2025-09-01T20:36:44","slug":"gobierno-de-ee-uu-hace-la-mas-grande-amenaza-a-venezuela-en-100-anos","status":"publish","type":"post","link":"https:\/\/prensapresidencialvenezuela.gob.ve\/index.php\/2025\/09\/01\/gobierno-de-ee-uu-hace-la-mas-grande-amenaza-a-venezuela-en-100-anos\/","title":{"rendered":"Gobierno de EE.UU. hace la m\u00e1s grande amenaza a Venezuela en 100 a\u00f1os"},"content":{"rendered":"\n<p><strong>Caracas, Venezuela.-<\/strong> Para el Jefe de Estado venezolano, Nicol\u00e1s Maduro Moros, el encuentro con los medios de comunicaci\u00f3n internacionales, llevado a cabo este lunes en la ciudad de Caracas, es de gran importancia, porque el despliegue militar que realiza el imperialismo norteamericano en este momento \u00abes una amenaza extravagante, injustificable, inmoral y absolutamente criminal. Ellos han querido avanzar hacia lo que llaman la m\u00e1xima presi\u00f3n, en este caso es militar. Y ante la m\u00e1xima presi\u00f3n militar, nosotros hemos declarado la m\u00e1xima preparaci\u00f3n para la defensa de Venezuela. Ante la m\u00e1xima presi\u00f3n, m\u00e1xima preparaci\u00f3n\u00bb, dijo con especial \u00e9nfasis.<\/p>\n\n\n\n<h2 class=\"wp-block-heading\">A juicio del Mandatario Nacional \u00aba buen entendedor, verdades implacables\u00bb, para referirse a que Venezuela est\u00e1 enfrentando la m\u00e1s grande amenaza que se haya visto en nuestro continente en los \u00faltimos 100 a\u00f1os. \u00abOcho barcos militares con 1.200 misiles y un submarino nuclear apuntan a Venezuela\u00bb, enfatiz\u00f3 sobre las maniobras imperiales realizadas en el Caribe.<\/h2>\n\n\n\n<figure class=\"wp-block-image size-large\"><img fetchpriority=\"high\" decoding=\"async\" width=\"1024\" height=\"682\" src=\"https:\/\/prensapresidencialvenezuela.gob.ve\/wp-content\/uploads\/2025\/09\/photo_5021955348130541662_y-1024x682.jpg\" alt=\"\" class=\"wp-image-23530\" srcset=\"https:\/\/prensapresidencialvenezuela.gob.ve\/wp-content\/uploads\/2025\/09\/photo_5021955348130541662_y-1024x682.jpg 1024w, https:\/\/prensapresidencialvenezuela.gob.ve\/wp-content\/uploads\/2025\/09\/photo_5021955348130541662_y-300x200.jpg 300w, https:\/\/prensapresidencialvenezuela.gob.ve\/wp-content\/uploads\/2025\/09\/photo_5021955348130541662_y-768x512.jpg 768w, https:\/\/prensapresidencialvenezuela.gob.ve\/wp-content\/uploads\/2025\/09\/photo_5021955348130541662_y.jpg 1280w\" sizes=\"(max-width: 1024px) 100vw, 1024px\" \/><\/figure>\n\n\n\n<p>Agradeciendo la consciencia patri\u00f3tica del pueblo venezolano, en perfecta uni\u00f3n popular militar-policial, que ha demostrado tener paz durante todos estos d\u00edas de amenaza, el Presidente Nicol\u00e1s Maduro dijo que \u00abEn escalada de amenaza continua, Venezuela es un pa\u00eds pacifista, pero somos un pueblo de guerreros\u00bb, subray\u00f3 frente a los periodistas que esperaban su declaraci\u00f3n al respecto.<\/p>\n\n\n\n<p>El espacio fue propicio para reiterarle a los medios de comunicaci\u00f3n social que han fallado en todas las formas de guerra h\u00edbrida que han querido interponer en Venezuela y record\u00f3 que desde la crisis cubana, en octubre de 1962, no se hab\u00eda presentado una situaci\u00f3n similar en contra de otro pa\u00eds del continente.<\/p>\n\n\n\n<p>El Dignatario venezolano no desaprovech\u00f3 la oportunidad para informar que se pretende imponer la visi\u00f3n mayamera extremista y \u00abhan mayamizado la pol\u00edtica exterior de los Estados Unidos hacia toda Am\u00e9rica Latina y el Caribe, porque amenazar a Venezuela es amenazar al continente entero\u00bb, expres\u00f3 con \u00edmpetu para referirse a las actuaciones del Secretario de Estado de los Estado Unidos, Marco Rubio.<\/p>\n\n\n\n<blockquote class=\"wp-block-quote is-layout-flow wp-block-quote-is-layout-flow\">\n<p>\u00abNosotros hemos respondido convocando a la Uni\u00f3n Nacional y prepar\u00e1ndonos para preservar la soberan\u00eda nacional, la paz y la integridad territorial en todos los d\u00edas, en todos los meses y en todo el tiempo que pretende el imperio estadounidense aplicar estos m\u00e9todos inmorales, ilegales que violan la Carta de Naciones Unidas\u00bb, concluy\u00f3 el Presidente de Venezuela sobre la visi\u00f3n hegem\u00f3nica del pa\u00eds norteamericano.<\/p>\n<\/blockquote>\n\n\n\n<p><strong>Prensa Presidencial\/ Claudia Guerra M\u00e9ndez<\/strong><\/p>\n","protected":false},"excerpt":{"rendered":"<p>Caracas, Venezuela.- Para el Jefe de Estado venezolano, Nicol\u00e1s Maduro Moros, el encuentro con los medios de comunicaci\u00f3n internacionales, llevado a cabo este lunes en la ciudad de Caracas, es de gran importancia, porque el despliegue militar que realiza el imperialismo norteamericano en este momento \u00abes una amenaza extravagante, injustificable, inmoral y absolutamente criminal. Ellos [&hellip;]<\/p>\n","protected":false},"author":1,"featured_media":23532,"comment_status":"open","ping_status":"open","sticky":false,"template":"","format":"standard","meta":{"footnotes":""},"categories":[18,7],"tags":[],"class_list":["post-23526","post","type-post","status-publish","format-standard","has-post-thumbnail","hentry","category-noticias-principales","category-notas-de-prensa"],"_links":{"self":[{"href":"https:\/\/prensapresidencialvenezuela.gob.ve\/index.php\/wp-json\/wp\/v2\/posts\/23526","targetHints":{"allow":["GET"]}}],"collection":[{"href":"https:\/\/prensapresidencialvenezuela.gob.ve\/index.php\/wp-json\/wp\/v2\/posts"}],"about":[{"href":"https:\/\/prensapresidencialvenezuela.gob.ve\/index.php\/wp-json\/wp\/v2\/types\/post"}],"author":[{"embeddable":true,"href":"https:\/\/prensapresidencialvenezuela.gob.ve\/index.php\/wp-json\/wp\/v2\/users\/1"}],"replies":[{"embeddable":true,"href":"https:\/\/prensapresidencialvenezuela.gob.ve\/index.php\/wp-json\/wp\/v2\/comments?post=23526"}],"version-history":[{"count":1,"href":"https:\/\/prensapresidencialvenezuela.gob.ve\/index.php\/wp-json\/wp\/v2\/posts\/23526\/revisions"}],"predecessor-version":[{"id":23531,"href":"https:\/\/prensapresidencialvenezuela.gob.ve\/index.php\/wp-json\/wp\/v2\/posts\/23526\/revisions\/23531"}],"wp:featuredmedia":[{"embeddable":true,"href":"https:\/\/prensapresidencialvenezuela.gob.ve\/index.php\/wp-json\/wp\/v2\/media\/23532"}],"wp:attachment":[{"href":"https:\/\/prensapresidencialvenezuela.gob.ve\/index.php\/wp-json\/wp\/v2\/media?parent=23526"}],"wp:term":[{"taxonomy":"category","embeddable":true,"href":"https:\/\/prensapresidencialvenezuela.gob.ve\/index.php\/wp-json\/wp\/v2\/categories?post=23526"},{"taxonomy":"post_tag","embeddable":true,"href":"https:\/\/prensapresidencialvenezuela.gob.ve\/index.php\/wp-json\/wp\/v2\/tags?post=23526"}],"curies":[{"name":"wp","href":"https:\/\/api.w.org\/{rel}","templated":true}]}}