{"id":23536,"date":"2025-09-01T16:51:58","date_gmt":"2025-09-01T20:51:58","guid":{"rendered":"https:\/\/prensapresidencialvenezuela.gob.ve\/?p=23536"},"modified":"2025-09-01T16:51:58","modified_gmt":"2025-09-01T20:51:58","slug":"jefe-de-estado-asevero-que-ante-toda-amenaza-el-pueblo-se-mantendra-preparado-para-la-defensa-de-venezuela","status":"publish","type":"post","link":"https:\/\/prensapresidencialvenezuela.gob.ve\/index.php\/2025\/09\/01\/jefe-de-estado-asevero-que-ante-toda-amenaza-el-pueblo-se-mantendra-preparado-para-la-defensa-de-venezuela\/","title":{"rendered":"Jefe de Estado asever\u00f3 que ante toda amenaza el pueblo se mantendr\u00e1 preparado para la defensa de Venezuela"},"content":{"rendered":"\n<blockquote class=\"wp-block-quote is-layout-flow wp-block-quote-is-layout-flow\">\n<p><strong>Caracas, Venezuela. \u2013 \u00ab<\/strong>Nosotros somos los campeones mundiales de la rebeld\u00eda antiimperialista y anticolonialista, los rebeldes hist\u00f3ricos de este continente, porque hemos hecho valer y haremos valer nuestra rebeld\u00eda milenaria como pueblo original, inteligente y audaz\u00bb, asevero durante una rueda de prensa con medios nacionales e internacionales, el presidente de la Rep\u00fablica Bolivariana de Venezuela, Nicol\u00e1s Maduro Moros.<\/p>\n<\/blockquote>\n\n\n\n<figure class=\"wp-block-image size-large\"><img fetchpriority=\"high\" decoding=\"async\" width=\"1024\" height=\"682\" src=\"https:\/\/prensapresidencialvenezuela.gob.ve\/wp-content\/uploads\/2025\/09\/photo_5021955348130541660_y-1024x682.jpg\" alt=\"\" class=\"wp-image-23538\" srcset=\"https:\/\/prensapresidencialvenezuela.gob.ve\/wp-content\/uploads\/2025\/09\/photo_5021955348130541660_y-1024x682.jpg 1024w, https:\/\/prensapresidencialvenezuela.gob.ve\/wp-content\/uploads\/2025\/09\/photo_5021955348130541660_y-300x200.jpg 300w, https:\/\/prensapresidencialvenezuela.gob.ve\/wp-content\/uploads\/2025\/09\/photo_5021955348130541660_y-768x512.jpg 768w, https:\/\/prensapresidencialvenezuela.gob.ve\/wp-content\/uploads\/2025\/09\/photo_5021955348130541660_y.jpg 1280w\" sizes=\"(max-width: 1024px) 100vw, 1024px\" \/><\/figure>\n\n\n\n<p>Al mismo tiempo, el Presidente reiter\u00f3 Venezuela siempre har\u00e1 valer sus derechos como el pueblo libre y soberano que es, y que por este motivo, insta a estar atentos a todo, ya que \u00abcon la amenaza y m\u00e1xima presi\u00f3n, m\u00e1xima preparaci\u00f3n y rebeld\u00eda, porque somos los campeones mundiales de la rebeld\u00eda antiimperialista y anticolonialista, as\u00ed como los rebeldes hist\u00f3ricos de este continente\u00bb, que se mantendr\u00e1 en vanguardia para la defensa de Venezuela.<\/p>\n\n\n\n<p><strong>Venezuela se mantiene en vanguardia para la defensa de la soberan\u00eda<\/strong><\/p>\n\n\n\n<h2 class=\"wp-block-heading\">En esta l\u00ednea, el Jefe de Estado denunci\u00f3 que \u00abMarco Rubio busca un cambio de r\u00e9gimen en Venezuela a trav\u00e9s del uso de la fuerza\u00bb, ya que a su juicio, Marco Rubio es el operador de los secuestros ejecutados a los venezolanos en el pa\u00eds americano.<\/h2>\n\n\n\n<p>Por otra parte, ha reiterado que ojal\u00e1 los canales de comunicaci\u00f3n se recuperaran, y que \u00absi fuese as\u00ed, siempre bienvenidos, porque con la palabra y el respeto todo es posible\u00bb, y que \u00abel presidente de los Estados Unidos sabr\u00e1 qu\u00e9 hace\u00bb. <\/p>\n\n\n\n<p>Con relaci\u00f3n a las v\u00edas de di\u00e1logo para el rescate de los ni\u00f1os y ni\u00f1as venezolanos que a\u00fan se encuentran secuestrados por el Servicio de Control de Inmigraci\u00f3n y Aduanas de los Estados Unidos, sus siglas en ingl\u00e9s (ICE), el Jefe de Estado manifest\u00f3 que es muy triste ver los testimonios de todos los migrantes que llegan, y que por ello, se ha propuesto rescatar y liberar a todos los ni\u00f1os y ni\u00f1as que est\u00e1n en dicho pa\u00eds.<\/p>\n\n\n\n<p>Por tanto, el L\u00edder de la Naci\u00f3n venezolana mencion\u00f3 que, al respecto, las madres y abuelas de peque\u00f1os y peque\u00f1as escribieron una carta muy respetuosa a la Primera Dama de (EE.UU.), con el objetivo de establecer comunicaci\u00f3n con ella; raz\u00f3n por la cual, exhort\u00f3 a la Primera Dama a escuchar el llamado de estas madres y abuelas venezolanas para que los ni\u00f1os y ni\u00f1as sean liberados lo m\u00e1s pronto posible.<\/p>\n\n\n\n<p><strong>Prensa Presidencial\/ Irmary D\u00edaz<\/strong><\/p>\n\n\n\n<p><strong>Caracas, Venezuela. \u2013<\/strong><\/p>\n","protected":false},"excerpt":{"rendered":"<p>Caracas, Venezuela. \u2013 \u00abNosotros somos los campeones mundiales de la rebeld\u00eda antiimperialista y anticolonialista, los rebeldes hist\u00f3ricos de este continente, porque hemos hecho valer y haremos valer nuestra rebeld\u00eda milenaria como pueblo original, inteligente y audaz\u00bb, asevero durante una rueda de prensa con medios nacionales e internacionales, el presidente de la Rep\u00fablica Bolivariana de Venezuela, [&hellip;]<\/p>\n","protected":false},"author":1,"featured_media":23537,"comment_status":"open","ping_status":"open","sticky":false,"template":"","format":"standard","meta":{"footnotes":""},"categories":[18,7],"tags":[],"class_list":["post-23536","post","type-post","status-publish","format-standard","has-post-thumbnail","hentry","category-noticias-principales","category-notas-de-prensa"],"_links":{"self":[{"href":"https:\/\/prensapresidencialvenezuela.gob.ve\/index.php\/wp-json\/wp\/v2\/posts\/23536","targetHints":{"allow":["GET"]}}],"collection":[{"href":"https:\/\/prensapresidencialvenezuela.gob.ve\/index.php\/wp-json\/wp\/v2\/posts"}],"about":[{"href":"https:\/\/prensapresidencialvenezuela.gob.ve\/index.php\/wp-json\/wp\/v2\/types\/post"}],"author":[{"embeddable":true,"href":"https:\/\/prensapresidencialvenezuela.gob.ve\/index.php\/wp-json\/wp\/v2\/users\/1"}],"replies":[{"embeddable":true,"href":"https:\/\/prensapresidencialvenezuela.gob.ve\/index.php\/wp-json\/wp\/v2\/comments?post=23536"}],"version-history":[{"count":1,"href":"https:\/\/prensapresidencialvenezuela.gob.ve\/index.php\/wp-json\/wp\/v2\/posts\/23536\/revisions"}],"predecessor-version":[{"id":23539,"href":"https:\/\/prensapresidencialvenezuela.gob.ve\/index.php\/wp-json\/wp\/v2\/posts\/23536\/revisions\/23539"}],"wp:featuredmedia":[{"embeddable":true,"href":"https:\/\/prensapresidencialvenezuela.gob.ve\/index.php\/wp-json\/wp\/v2\/media\/23537"}],"wp:attachment":[{"href":"https:\/\/prensapresidencialvenezuela.gob.ve\/index.php\/wp-json\/wp\/v2\/media?parent=23536"}],"wp:term":[{"taxonomy":"category","embeddable":true,"href":"https:\/\/prensapresidencialvenezuela.gob.ve\/index.php\/wp-json\/wp\/v2\/categories?post=23536"},{"taxonomy":"post_tag","embeddable":true,"href":"https:\/\/prensapresidencialvenezuela.gob.ve\/index.php\/wp-json\/wp\/v2\/tags?post=23536"}],"curies":[{"name":"wp","href":"https:\/\/api.w.org\/{rel}","templated":true}]}}