{"id":23540,"date":"2025-09-01T16:57:50","date_gmt":"2025-09-01T20:57:50","guid":{"rendered":"https:\/\/prensapresidencialvenezuela.gob.ve\/?p=23540"},"modified":"2025-09-02T12:05:10","modified_gmt":"2025-09-02T16:05:10","slug":"presidente-marco-rubio-quiere-llevar-a-trump-a-una-guerra-contra-suramerica-y-el-caribe","status":"publish","type":"post","link":"https:\/\/prensapresidencialvenezuela.gob.ve\/index.php\/2025\/09\/01\/presidente-marco-rubio-quiere-llevar-a-trump-a-una-guerra-contra-suramerica-y-el-caribe\/","title":{"rendered":"Presidente: \u00abMarco Rubio quiere llevar a Trump a una guerra contra Suram\u00e9rica y el Caribe\u00bb"},"content":{"rendered":"\n<p><strong>Caracas, Venezuela.-<\/strong> El presidente de la Rep\u00fablica Bolivariana de Venezuela, Nicol\u00e1s Maduro Moros, asever\u00f3 durante un rueda de prensa frente medios internacionales, que el Gobierno de Venezuela siempre tendr\u00e1 todos los canales de conversaci\u00f3n, de di\u00e1logo y diplom\u00e1ticos abiertos con los Estados Unidos, aunque estos momentos se encuentren \u00abmalogrados\u00bb, por los incesantes ataques que mantienen contra Venezuela.<\/p>\n\n\n\n<blockquote class=\"wp-block-quote is-layout-flow wp-block-quote-is-layout-flow\">\n<p>En este orden de &nbsp;ideas, el Jefe de Estado advirti\u00f3 que a pesar que \u00abest\u00e1n maltrechos\u00bb los dos canales de comunicaci\u00f3n que existen entre ambos pa\u00edses, &nbsp;le sugiere cuidarse al presidente Donald Trump, porque \u00abMarco Rubio quiere manchar sus manos de sangre, con sangre suramericana, caribe\u00f1a, con sangre venezolana (\u2026) y que su apellido se manche de sangre por los siglos de los siglos, con una masacre contra el pueblo de Venezuela, con una guerra terrible contra Suram\u00e9rica y el Caribe, porque esta ser\u00eda una guerra completa en todo el continente\u00bb.<\/p>\n<\/blockquote>\n\n\n\n<p>Lo antes escrito, fue enfatizado por el L\u00edder venezolano ya que el imperio quiere retomar la \u00abdiplomacia de las ca\u00f1oneras\u00bb, que solo buscar dominar haciendo valer solo sus t\u00e9rminos y condiciones; y motivo por el cual, asegur\u00f3 que con Venezuela esto no ocurrir\u00e1, porque esta es una opci\u00f3n err\u00e1tica y equivocada.<\/p>\n\n\n\n<figure class=\"wp-block-image size-large\"><img fetchpriority=\"high\" decoding=\"async\" width=\"1024\" height=\"989\" src=\"https:\/\/prensapresidencialvenezuela.gob.ve\/wp-content\/uploads\/2025\/09\/10_ZC__9560_P-1-1024x989.jpg\" alt=\"\" class=\"wp-image-23541\" srcset=\"https:\/\/prensapresidencialvenezuela.gob.ve\/wp-content\/uploads\/2025\/09\/10_ZC__9560_P-1-1024x989.jpg 1024w, https:\/\/prensapresidencialvenezuela.gob.ve\/wp-content\/uploads\/2025\/09\/10_ZC__9560_P-1-300x290.jpg 300w, https:\/\/prensapresidencialvenezuela.gob.ve\/wp-content\/uploads\/2025\/09\/10_ZC__9560_P-1-768x742.jpg 768w, https:\/\/prensapresidencialvenezuela.gob.ve\/wp-content\/uploads\/2025\/09\/10_ZC__9560_P-1-1536x1484.jpg 1536w, https:\/\/prensapresidencialvenezuela.gob.ve\/wp-content\/uploads\/2025\/09\/10_ZC__9560_P-1-2048x1979.jpg 2048w\" sizes=\"(max-width: 1024px) 100vw, 1024px\" \/><\/figure>\n\n\n\n<p>Al mismo tiempo, el Dignatario venezolano ha mencionado que entre las v\u00edas de di\u00e1logo \u00abmalogrados\u00bb que se tiene con los Estados Unidos (EE.UU.), est\u00e1 el que se estableci\u00f3 con el se\u00f1or John McNamara que visit\u00f3 el pa\u00eds cuando el Gobierno revolucionario logr\u00f3 el intercambio de los 252 venezolanos secuestrados en los campos de concentraci\u00f3n de Nayib Bukele, a cambio de diez terroristas que intentaron crear caos en Venezuela.<\/p>\n\n\n\n<p>Asimismo, agreg\u00f3 que el otro puente de comunicaci\u00f3n con el gobierno de los EE.UU. es con Richard Grenell, el enviado especial que recibi\u00f3 el 31 de enero del presente a\u00f1o, tambi\u00e9n de manera deferente en el Palacio de Miraflores, con el objetivo de establecer una Diplomacia de Paz, que ha sido quebrantada.<\/p>\n\n\n\n<p>En este contexto, es importante destacar que el Presidente reiter\u00f3 que Venezuela es un pa\u00eds con dignidad, conciencia, valores y que siempre har\u00e1 valer sus derechos, bajo los t\u00e9rminos del respeto mutuo.<\/p>\n\n\n\n<p><strong>Palacio de Miraflores\/ Irmary D\u00edaz<\/strong><\/p>\n","protected":false},"excerpt":{"rendered":"<p>Caracas, Venezuela.- El presidente de la Rep\u00fablica Bolivariana de Venezuela, Nicol\u00e1s Maduro Moros, asever\u00f3 durante un rueda de prensa frente medios internacionales, que el Gobierno de Venezuela siempre tendr\u00e1 todos los canales de conversaci\u00f3n, de di\u00e1logo y diplom\u00e1ticos abiertos con los Estados Unidos, aunque estos momentos se encuentren \u00abmalogrados\u00bb, por los incesantes ataques que mantienen [&hellip;]<\/p>\n","protected":false},"author":1,"featured_media":23544,"comment_status":"open","ping_status":"open","sticky":false,"template":"","format":"standard","meta":{"footnotes":""},"categories":[18,7],"tags":[],"class_list":["post-23540","post","type-post","status-publish","format-standard","has-post-thumbnail","hentry","category-noticias-principales","category-notas-de-prensa"],"_links":{"self":[{"href":"https:\/\/prensapresidencialvenezuela.gob.ve\/index.php\/wp-json\/wp\/v2\/posts\/23540","targetHints":{"allow":["GET"]}}],"collection":[{"href":"https:\/\/prensapresidencialvenezuela.gob.ve\/index.php\/wp-json\/wp\/v2\/posts"}],"about":[{"href":"https:\/\/prensapresidencialvenezuela.gob.ve\/index.php\/wp-json\/wp\/v2\/types\/post"}],"author":[{"embeddable":true,"href":"https:\/\/prensapresidencialvenezuela.gob.ve\/index.php\/wp-json\/wp\/v2\/users\/1"}],"replies":[{"embeddable":true,"href":"https:\/\/prensapresidencialvenezuela.gob.ve\/index.php\/wp-json\/wp\/v2\/comments?post=23540"}],"version-history":[{"count":1,"href":"https:\/\/prensapresidencialvenezuela.gob.ve\/index.php\/wp-json\/wp\/v2\/posts\/23540\/revisions"}],"predecessor-version":[{"id":23542,"href":"https:\/\/prensapresidencialvenezuela.gob.ve\/index.php\/wp-json\/wp\/v2\/posts\/23540\/revisions\/23542"}],"wp:featuredmedia":[{"embeddable":true,"href":"https:\/\/prensapresidencialvenezuela.gob.ve\/index.php\/wp-json\/wp\/v2\/media\/23544"}],"wp:attachment":[{"href":"https:\/\/prensapresidencialvenezuela.gob.ve\/index.php\/wp-json\/wp\/v2\/media?parent=23540"}],"wp:term":[{"taxonomy":"category","embeddable":true,"href":"https:\/\/prensapresidencialvenezuela.gob.ve\/index.php\/wp-json\/wp\/v2\/categories?post=23540"},{"taxonomy":"post_tag","embeddable":true,"href":"https:\/\/prensapresidencialvenezuela.gob.ve\/index.php\/wp-json\/wp\/v2\/tags?post=23540"}],"curies":[{"name":"wp","href":"https:\/\/api.w.org\/{rel}","templated":true}]}}