{"id":23545,"date":"2025-09-01T17:55:56","date_gmt":"2025-09-01T21:55:56","guid":{"rendered":"https:\/\/prensapresidencialvenezuela.gob.ve\/?p=23545"},"modified":"2025-09-01T17:55:56","modified_gmt":"2025-09-01T21:55:56","slug":"politica-exterior-de-ee-uu-se-mayamizo-hacia-america-latina-y-el-caribe","status":"publish","type":"post","link":"https:\/\/prensapresidencialvenezuela.gob.ve\/index.php\/2025\/09\/01\/politica-exterior-de-ee-uu-se-mayamizo-hacia-america-latina-y-el-caribe\/","title":{"rendered":"Pol\u00edtica exterior de EE.UU. se \u00abmayamiz\u00f3\u00bb hacia Am\u00e9rica Latina y el Caribe"},"content":{"rendered":"\n<p><strong>Pol\u00edtica exterior de EE.UU. se \u00abmayamiz\u00f3\u00bb hacia Am\u00e9rica Latina y el Caribe<\/strong><\/p>\n\n\n\n<p><strong>Caracas, Venezuela.-<\/strong> En una rueda de prensa con m\u00e1s de 390 medios internacionales, algunos de ellos conectados v\u00eda <em>zoom<\/em>, el presidente Nicol\u00e1s Maduro Moros denunci\u00f3 la pol\u00edtica implementada por el secretario de Estado del Gobierno de los Estados Unidos (EE.UU.), Marco Rubio, quien a su juicio ha asumido funciones presidenciales, siendo una amenaza para pa\u00edses latinoamericanos.<\/p>\n\n\n\n<blockquote class=\"wp-block-quote is-layout-flow wp-block-quote-is-layout-flow\">\n<h2 class=\"wp-block-heading\">\u00abHa mayamizado la pol\u00edtica exterior en el peor sentido extremista de los Estados Unidos hacia Am\u00e9rica Latina y el Caribe. Tengan la seguridad de que \u00e9l no viene a nada bueno, tengan la seguridad, absoluta seguridad, y esperemos para ver con qu\u00e9 nueva barrabasada sale el jefe del Gobierno de Estados Unidos, Marco Rubio, a hablar, y qu\u00e9 nueva guerra abre\u00bb, refiri\u00f3 el Jefe de Estado para puntualizar las agresiones norteamericanas.<\/h2>\n<\/blockquote>\n\n\n\n<p>En este contexto, el Mandatario nacional alz\u00f3 su voz para reiterar las flexibilidades y complicidad que las autoridades estadounidenses tienen con pa\u00edses como Colombia y Ecuador, los cuales cuentan con mafias narcotraficantes que el Gobierno norteamericano pasa por desapercibido.<\/p>\n\n\n\n<p>Particularmente, Venezuela cuenta con las Unidades de Reacci\u00f3n R\u00e1pida (URRA), conformadas por militares, polic\u00edas, milicias y pueblo en general, las cuales est\u00e1n desplegadas en 164 puntos del pa\u00eds patrullando y combatiendo. \u00abNuestra Fuerza Armada est\u00e1 desplegada, entrenada, equipada y combatiendo, porque por Venezuela intentan pasar las mafias, narcotraficantes de Colombia\u00bb, inform\u00f3 el presidente Maduro.<\/p>\n\n\n\n<p><strong>\u00abEl Caribe respalda a Venezuela\u00bb<\/strong><\/p>\n\n\n\n<h2 class=\"wp-block-heading\">\u00abEl Caribe respalda a Venezuela, amplia y totalmente, en su lucha por la soberan\u00eda, la integridad territorial y el derecho a la paz\u00bb, dijo el presidente Nicol\u00e1s Maduro Moros para enfatizar que ha habido m\u00faltiples manifestaciones, comunicados oficiales, declaraciones, movilizaciones que unen las fuerzas de los pa\u00edses del Caribe en apoyo a la patria de Bol\u00edvar.<\/h2>\n\n\n\n<p><strong>Prensa Presidencial\/ Claudia Guerra M\u00e9ndez<\/strong><\/p>\n","protected":false},"excerpt":{"rendered":"<p>Pol\u00edtica exterior de EE.UU. se \u00abmayamiz\u00f3\u00bb hacia Am\u00e9rica Latina y el Caribe Caracas, Venezuela.- En una rueda de prensa con m\u00e1s de 390 medios internacionales, algunos de ellos conectados v\u00eda zoom, el presidente Nicol\u00e1s Maduro Moros denunci\u00f3 la pol\u00edtica implementada por el secretario de Estado del Gobierno de los Estados Unidos (EE.UU.), Marco Rubio, quien [&hellip;]<\/p>\n","protected":false},"author":1,"featured_media":23546,"comment_status":"open","ping_status":"open","sticky":false,"template":"","format":"standard","meta":{"footnotes":""},"categories":[18,7],"tags":[],"class_list":["post-23545","post","type-post","status-publish","format-standard","has-post-thumbnail","hentry","category-noticias-principales","category-notas-de-prensa"],"_links":{"self":[{"href":"https:\/\/prensapresidencialvenezuela.gob.ve\/index.php\/wp-json\/wp\/v2\/posts\/23545","targetHints":{"allow":["GET"]}}],"collection":[{"href":"https:\/\/prensapresidencialvenezuela.gob.ve\/index.php\/wp-json\/wp\/v2\/posts"}],"about":[{"href":"https:\/\/prensapresidencialvenezuela.gob.ve\/index.php\/wp-json\/wp\/v2\/types\/post"}],"author":[{"embeddable":true,"href":"https:\/\/prensapresidencialvenezuela.gob.ve\/index.php\/wp-json\/wp\/v2\/users\/1"}],"replies":[{"embeddable":true,"href":"https:\/\/prensapresidencialvenezuela.gob.ve\/index.php\/wp-json\/wp\/v2\/comments?post=23545"}],"version-history":[{"count":1,"href":"https:\/\/prensapresidencialvenezuela.gob.ve\/index.php\/wp-json\/wp\/v2\/posts\/23545\/revisions"}],"predecessor-version":[{"id":23547,"href":"https:\/\/prensapresidencialvenezuela.gob.ve\/index.php\/wp-json\/wp\/v2\/posts\/23545\/revisions\/23547"}],"wp:featuredmedia":[{"embeddable":true,"href":"https:\/\/prensapresidencialvenezuela.gob.ve\/index.php\/wp-json\/wp\/v2\/media\/23546"}],"wp:attachment":[{"href":"https:\/\/prensapresidencialvenezuela.gob.ve\/index.php\/wp-json\/wp\/v2\/media?parent=23545"}],"wp:term":[{"taxonomy":"category","embeddable":true,"href":"https:\/\/prensapresidencialvenezuela.gob.ve\/index.php\/wp-json\/wp\/v2\/categories?post=23545"},{"taxonomy":"post_tag","embeddable":true,"href":"https:\/\/prensapresidencialvenezuela.gob.ve\/index.php\/wp-json\/wp\/v2\/tags?post=23545"}],"curies":[{"name":"wp","href":"https:\/\/api.w.org\/{rel}","templated":true}]}}