{"id":23548,"date":"2025-09-01T18:01:41","date_gmt":"2025-09-01T22:01:41","guid":{"rendered":"https:\/\/prensapresidencialvenezuela.gob.ve\/?p=23548"},"modified":"2025-09-01T18:07:34","modified_gmt":"2025-09-01T22:07:34","slug":"en-un-callejon-sin-salida-se-encuentra-el-jefe-de-gobierno-de-ee-uu","status":"publish","type":"post","link":"https:\/\/prensapresidencialvenezuela.gob.ve\/index.php\/2025\/09\/01\/en-un-callejon-sin-salida-se-encuentra-el-jefe-de-gobierno-de-ee-uu\/","title":{"rendered":"En un callej\u00f3n sin salida se encuentra el Jefe de Gobierno de EE.UU."},"content":{"rendered":"\n<p><strong>Caracas, Venezuela.-<\/strong> Haciendo un llamado a los pueblos del mundo, el mandatario nacional, Nicol\u00e1s Maduro Moros, precis\u00f3 que \u00absi hay alguien sensato, pensante en los organismos decisorios del poder estadounidense, saben que Marco Rubio, el se\u00f1or de la guerra, los meti\u00f3 por donde no es. Se equivocaron, se metieron en un callej\u00f3n sin salida. Ahora les toca a ellos ver qu\u00e9 hacen\u00bb.<\/p>\n\n\n\n<div class=\"wp-block-columns is-layout-flex wp-container-core-columns-is-layout-9d6595d7 wp-block-columns-is-layout-flex\">\n<div class=\"wp-block-column is-layout-flow wp-block-column-is-layout-flow\" style=\"flex-basis:100%\">\n<pre class=\"wp-block-code has-medium-font-size\"><code>\nEsta informaci\u00f3n se gener\u00f3 tras la ronda de preguntas realizadas por los periodistas internacionales que acudieron a una rueda de prensa convocada por el Presidente venezolano, en la ciudad de Caracas, con m\u00e1s de 300 medios, nacionales e internacionales, presentes. \n<\/code><\/pre>\n<\/div>\n<\/div>\n\n\n\n<p>A criterio del Dignatario nacional, el Gobierno de los EE.UU. se equivoc\u00f3. La creaci\u00f3n de la narrativa de una posible intervenci\u00f3n con 8 buques de guerra de Estados Unidos, 1.200 misiles apuntando a Venezuela y un submarino nuclear para presuntamente combatir el narcotr\u00e1fico no tiene sustento alguno. \u00abEl se\u00f1or de la guerra, jefe del Gobierno de Estados Unidos, Marco Rubio, esta es una narrativa bien, pero bien absurda, que se cae solita por su propio peso, porque Venezuela tiene r\u00e9cord en su lucha y lo reconocen todos los organismos del mundo y de Estados Unidos, incluyendo. Ellos lo saben, se metieron por donde no es\u00bb, reiter\u00f3 el Presidente venezolano.<\/p>\n\n\n\n<p>Como m\u00e1xima autoridad del Gobierno Bolivariano, el Dignatario nacional insisti\u00f3 en que el pueblo venezolano est\u00e1 preparado para defender la patria con serenidad, con firmeza, con altura y en uni\u00f3n nacional.<\/p>\n\n\n\n<p><strong>Reacciones ante un posible ataque estadounidense<\/strong><\/p>\n\n\n\n<p>Para el presidente Maduro, si Venezuela fuera agredida, pasar\u00eda inmediatamente al per\u00edodo de lucha armada, en defensa del territorio nacional y de la historia y del pueblo de Venezuela. \u00abDeclarar\u00edamos constitucionalmente a la rep\u00fablica en armas. Lucha armada y rep\u00fablica en armas, de norte a sur, de este a oeste, para garantizar la paz, la soberan\u00eda y el desarrollo del pa\u00eds en cualquier circunstancia que nos toque. Y vendr\u00edan entonces, como dijo Cipriano Castro, vendr\u00edan nuevos Boyac\u00e1, nuevos Carabobos, nuevos Jun\u00edn, nuevos Ayacuchos, vendr\u00eda la historia grande otra vez\u00bb, respondi\u00f3 el presidente Nicol\u00e1s Maduro Moros a la periodista Gabriela Gonz\u00e1lez, corresponsal de la <em>W Radio<\/em>, de Colombia, al preguntarle cu\u00e1l ser\u00eda la reacci\u00f3n de Venezuela ante un posible ataque.<\/p>\n\n\n\n<h2 class=\"wp-block-heading\">El Jefe de Estado venezolano insisti\u00f3 en que el pueblo venezolano es gente que trabaja para la paz, pero que tambi\u00e9n se prepara para cualquier circunstancia. \u00abVamos a ser independientes y libres. \u00a1Colonia y esclavos, jam\u00e1s! \u00a1Colonia y esclavos, jam\u00e1s!\u00bb, dijo de forma enf\u00e1tica.<\/h2>\n\n\n\n<p>Concluy\u00f3 esta respuesta indicando que con la verdad se abrir\u00e1n puertas para Venezuela. \u00abUna agresi\u00f3n contra Venezuela se pierde de vista los impactos que tiene en la sociedad mundial y en toda Am\u00e9rica. As\u00ed que, con el favor de Dios Padre Todopoderoso, preservaremos la paz. Pero estamos en un periodo de m\u00e1xima preparaci\u00f3n\u00bb, manifest\u00f3 con seguridad el presidente Nicol\u00e1s Maduro.<\/p>\n\n\n\n<p><strong>Prensa Presidencial\/ Claudia Guerra M\u00e9ndez<\/strong><\/p>\n","protected":false},"excerpt":{"rendered":"<p>Caracas, Venezuela.- Haciendo un llamado a los pueblos del mundo, el mandatario nacional, Nicol\u00e1s Maduro Moros, precis\u00f3 que \u00absi hay alguien sensato, pensante en los organismos decisorios del poder estadounidense, saben que Marco Rubio, el se\u00f1or de la guerra, los meti\u00f3 por donde no es. Se equivocaron, se metieron en un callej\u00f3n sin salida. Ahora [&hellip;]<\/p>\n","protected":false},"author":1,"featured_media":23550,"comment_status":"open","ping_status":"open","sticky":false,"template":"","format":"standard","meta":{"footnotes":""},"categories":[18,7],"tags":[],"class_list":["post-23548","post","type-post","status-publish","format-standard","has-post-thumbnail","hentry","category-noticias-principales","category-notas-de-prensa"],"_links":{"self":[{"href":"https:\/\/prensapresidencialvenezuela.gob.ve\/index.php\/wp-json\/wp\/v2\/posts\/23548","targetHints":{"allow":["GET"]}}],"collection":[{"href":"https:\/\/prensapresidencialvenezuela.gob.ve\/index.php\/wp-json\/wp\/v2\/posts"}],"about":[{"href":"https:\/\/prensapresidencialvenezuela.gob.ve\/index.php\/wp-json\/wp\/v2\/types\/post"}],"author":[{"embeddable":true,"href":"https:\/\/prensapresidencialvenezuela.gob.ve\/index.php\/wp-json\/wp\/v2\/users\/1"}],"replies":[{"embeddable":true,"href":"https:\/\/prensapresidencialvenezuela.gob.ve\/index.php\/wp-json\/wp\/v2\/comments?post=23548"}],"version-history":[{"count":5,"href":"https:\/\/prensapresidencialvenezuela.gob.ve\/index.php\/wp-json\/wp\/v2\/posts\/23548\/revisions"}],"predecessor-version":[{"id":23556,"href":"https:\/\/prensapresidencialvenezuela.gob.ve\/index.php\/wp-json\/wp\/v2\/posts\/23548\/revisions\/23556"}],"wp:featuredmedia":[{"embeddable":true,"href":"https:\/\/prensapresidencialvenezuela.gob.ve\/index.php\/wp-json\/wp\/v2\/media\/23550"}],"wp:attachment":[{"href":"https:\/\/prensapresidencialvenezuela.gob.ve\/index.php\/wp-json\/wp\/v2\/media?parent=23548"}],"wp:term":[{"taxonomy":"category","embeddable":true,"href":"https:\/\/prensapresidencialvenezuela.gob.ve\/index.php\/wp-json\/wp\/v2\/categories?post=23548"},{"taxonomy":"post_tag","embeddable":true,"href":"https:\/\/prensapresidencialvenezuela.gob.ve\/index.php\/wp-json\/wp\/v2\/tags?post=23548"}],"curies":[{"name":"wp","href":"https:\/\/api.w.org\/{rel}","templated":true}]}}