{"id":23557,"date":"2025-09-01T18:13:55","date_gmt":"2025-09-01T22:13:55","guid":{"rendered":"https:\/\/prensapresidencialvenezuela.gob.ve\/?p=23557"},"modified":"2025-09-02T12:04:28","modified_gmt":"2025-09-02T16:04:28","slug":"zona-binacional-de-paz-n-o-1-avanza-en-la-construccion-de-bases-solidas-para-el-afianzamiento-de-la-economia-venezolana","status":"publish","type":"post","link":"https:\/\/prensapresidencialvenezuela.gob.ve\/index.php\/2025\/09\/01\/zona-binacional-de-paz-n-o-1-avanza-en-la-construccion-de-bases-solidas-para-el-afianzamiento-de-la-economia-venezolana\/","title":{"rendered":"Zona Binacional de Paz N.\u00ba 1 avanza en la construcci\u00f3n de bases s\u00f3lidas para el afianzamiento de la econom\u00eda venezolana"},"content":{"rendered":"\n<p><strong>Caracas, Venezuela. \u2013 <\/strong>El presidente de la Rep\u00fablica Bolivariana de Venezuela, Nicol\u00e1s Maduro Moros, reiter\u00f3 durante una rueda de prensa que ofreci\u00f3 a medios nacionales e internacionales, que respecto a las Zona Binacional de Paz N.\u00ba 1, la finalidad es mantener una comunicaci\u00f3n asertiva con Colombia para las coordinaciones sobre la garant\u00eda de defensa y seguridad en la frontera. <\/p>\n\n\n\n<p>En este sentido, destac\u00f3 que en las pr\u00f3ximas semanas tambi\u00e9n se continuar\u00e1 avanzando en las acciones pertinentes para el crecimiento de la econom\u00eda, para as\u00ed seguir construyendo bases s\u00f3lidas para un territorio de paz estable y con calidad de vida.<\/p>\n\n\n\n<p>Al mismo tiempo, el Jefe de Estado acot\u00f3 que el Mandatario colombiano tambi\u00e9n ha tomado decisiones al respecto, con la misma intencionalidad de reforzar el pie de fuerzas, el n\u00famero de efectivos en la frontera de ambas naciones; adem\u00e1s de generar un buen desarrollo comercial.<\/p>\n\n\n\n<blockquote class=\"wp-block-quote is-layout-flow wp-block-quote-is-layout-flow\">\n<p>\u00abNosotros lo que queremos es que toda la frontera desde La Guajira hasta el Amazonas sea una zona de paz, seguridad, sin bandas narcotraficantes, sin bandas armadas, y que todos los habitantes sientan la seguridad\u00bb, enfatiz\u00f3 el Dignatario Nacional con relaci\u00f3n al tema de seguridad. <\/p>\n<\/blockquote>\n\n\n\n<p>En cuanto al tema sobre el territorio del Catatumbo, del lado colombiano, el Presidente a\u00f1adi\u00f3, que seg\u00fan las autoridades colombianas ellos tienen 50 mil hect\u00e1reas de plantaciones de hoja de coca, y que por ello, el objetivo por parte del Gobierno venezolano ser\u00eda invertir en producci\u00f3n de pl\u00e1tano, ma\u00edz, arroz, entre otros rubros para industrializarlos, y as\u00ed sustituir el sembrad\u00edo de esta planta en el \u00e1rea. <\/p>\n\n\n\n<p><strong>Prensa Presidencial\/ Irmary D\u00edaz <\/strong><strong><\/strong><\/p>\n\n\n\n<p><\/p>\n","protected":false},"excerpt":{"rendered":"<p>Caracas, Venezuela. \u2013 El presidente de la Rep\u00fablica Bolivariana de Venezuela, Nicol\u00e1s Maduro Moros, reiter\u00f3 durante una rueda de prensa que ofreci\u00f3 a medios nacionales e internacionales, que respecto a las Zona Binacional de Paz N.\u00ba 1, la finalidad es mantener una comunicaci\u00f3n asertiva con Colombia para las coordinaciones sobre la garant\u00eda de defensa y [&hellip;]<\/p>\n","protected":false},"author":1,"featured_media":23558,"comment_status":"open","ping_status":"open","sticky":false,"template":"","format":"standard","meta":{"footnotes":""},"categories":[18,7],"tags":[],"class_list":["post-23557","post","type-post","status-publish","format-standard","has-post-thumbnail","hentry","category-noticias-principales","category-notas-de-prensa"],"_links":{"self":[{"href":"https:\/\/prensapresidencialvenezuela.gob.ve\/index.php\/wp-json\/wp\/v2\/posts\/23557","targetHints":{"allow":["GET"]}}],"collection":[{"href":"https:\/\/prensapresidencialvenezuela.gob.ve\/index.php\/wp-json\/wp\/v2\/posts"}],"about":[{"href":"https:\/\/prensapresidencialvenezuela.gob.ve\/index.php\/wp-json\/wp\/v2\/types\/post"}],"author":[{"embeddable":true,"href":"https:\/\/prensapresidencialvenezuela.gob.ve\/index.php\/wp-json\/wp\/v2\/users\/1"}],"replies":[{"embeddable":true,"href":"https:\/\/prensapresidencialvenezuela.gob.ve\/index.php\/wp-json\/wp\/v2\/comments?post=23557"}],"version-history":[{"count":1,"href":"https:\/\/prensapresidencialvenezuela.gob.ve\/index.php\/wp-json\/wp\/v2\/posts\/23557\/revisions"}],"predecessor-version":[{"id":23559,"href":"https:\/\/prensapresidencialvenezuela.gob.ve\/index.php\/wp-json\/wp\/v2\/posts\/23557\/revisions\/23559"}],"wp:featuredmedia":[{"embeddable":true,"href":"https:\/\/prensapresidencialvenezuela.gob.ve\/index.php\/wp-json\/wp\/v2\/media\/23558"}],"wp:attachment":[{"href":"https:\/\/prensapresidencialvenezuela.gob.ve\/index.php\/wp-json\/wp\/v2\/media?parent=23557"}],"wp:term":[{"taxonomy":"category","embeddable":true,"href":"https:\/\/prensapresidencialvenezuela.gob.ve\/index.php\/wp-json\/wp\/v2\/categories?post=23557"},{"taxonomy":"post_tag","embeddable":true,"href":"https:\/\/prensapresidencialvenezuela.gob.ve\/index.php\/wp-json\/wp\/v2\/tags?post=23557"}],"curies":[{"name":"wp","href":"https:\/\/api.w.org\/{rel}","templated":true}]}}