{"id":23561,"date":"2025-09-01T19:04:04","date_gmt":"2025-09-01T23:04:04","guid":{"rendered":"https:\/\/prensapresidencialvenezuela.gob.ve\/?p=23561"},"modified":"2025-09-01T19:04:04","modified_gmt":"2025-09-01T23:04:04","slug":"alistamiento-a-milicia-bolivariana-sera-permanente-en-toda-venezuela","status":"publish","type":"post","link":"https:\/\/prensapresidencialvenezuela.gob.ve\/index.php\/2025\/09\/01\/alistamiento-a-milicia-bolivariana-sera-permanente-en-toda-venezuela\/","title":{"rendered":"Alistamiento a Milicia Bolivariana ser\u00e1 permanente en toda Venezuela"},"content":{"rendered":"\n<p><strong>Caracas, Venezuela.- <\/strong>Tras las exitosas jornadas de alistamiento al Cuerpo Combatiente de la Milicia Bolivariana por parte de los venezolanos y las venezolanas, el presidente de la Rep\u00fablica Bolivariana de Venezuela, Nicol\u00e1s Maduro Moros, anunci\u00f3 que el registro se mantendr\u00e1 vigente para darle oportunidad a todos los que quieren hacerlo de manera voluntaria.<\/p>\n\n\n\n<h2 class=\"wp-block-heading\">Con un registro de m\u00e1s de 8 millones 200 mil personas, el Mandatario Nacional destac\u00f3 que las dos jornadas realizadas fueron insuficientes, porque hay un consenso nacional de alistarse para defender la patria.<\/h2>\n\n\n\n<p>La Fuerza Armada Nacional Bolivariana y la Vicepresidenta Ejecutiva, Delcy Rodr\u00edguez, ser\u00e1n los responsables de informar c\u00f3mo sele dar\u00e1 continuidad a las pr\u00f3ximas jornadas y cu\u00e1les ser\u00e1n los puntos de alistamiento que se habilitar\u00e1n.<\/p>\n\n\n\n<blockquote class=\"wp-block-quote is-layout-flow wp-block-quote-is-layout-flow\">\n<p>\u00abAhora viene el proceso de reorganizaci\u00f3n de la din\u00e1mica. Si t\u00fa te alistaste, eres buena para tal cosa, si eres periodista, eres bueno para decir la verdad, aqu\u00ed y all\u00e1; si eres m\u00e9dico, eres bueno para tus funciones, y los milicianos, milicianas que se van a preparar para tener los fusiles y los misiles en sus manos, bueno, seguir\u00e1n su entrenamiento\u00bb, dijo el Presidente Nicol\u00e1s Maduro para referirse a que la preparaci\u00f3n del pa\u00eds no est\u00e1 en cero.<\/p>\n<\/blockquote>\n\n\n\n<p>Esta informaci\u00f3n la dio a conocer el Presidente de Venezuela, Nicol\u00e1s Maduro, ante los medios de comunicaci\u00f3n social, que hicieron acto de presencia en la rueda de prensa internacional de este lunes en la ciudad de Caracas.<\/p>\n\n\n\n<p><strong>Prensa Presidencial\/ Claudia Guerra M\u00e9ndez<\/strong><\/p>\n","protected":false},"excerpt":{"rendered":"<p>Caracas, Venezuela.- Tras las exitosas jornadas de alistamiento al Cuerpo Combatiente de la Milicia Bolivariana por parte de los venezolanos y las venezolanas, el presidente de la Rep\u00fablica Bolivariana de Venezuela, Nicol\u00e1s Maduro Moros, anunci\u00f3 que el registro se mantendr\u00e1 vigente para darle oportunidad a todos los que quieren hacerlo de manera voluntaria. Con un [&hellip;]<\/p>\n","protected":false},"author":1,"featured_media":23562,"comment_status":"open","ping_status":"open","sticky":false,"template":"","format":"standard","meta":{"footnotes":""},"categories":[18,7],"tags":[],"class_list":["post-23561","post","type-post","status-publish","format-standard","has-post-thumbnail","hentry","category-noticias-principales","category-notas-de-prensa"],"_links":{"self":[{"href":"https:\/\/prensapresidencialvenezuela.gob.ve\/index.php\/wp-json\/wp\/v2\/posts\/23561","targetHints":{"allow":["GET"]}}],"collection":[{"href":"https:\/\/prensapresidencialvenezuela.gob.ve\/index.php\/wp-json\/wp\/v2\/posts"}],"about":[{"href":"https:\/\/prensapresidencialvenezuela.gob.ve\/index.php\/wp-json\/wp\/v2\/types\/post"}],"author":[{"embeddable":true,"href":"https:\/\/prensapresidencialvenezuela.gob.ve\/index.php\/wp-json\/wp\/v2\/users\/1"}],"replies":[{"embeddable":true,"href":"https:\/\/prensapresidencialvenezuela.gob.ve\/index.php\/wp-json\/wp\/v2\/comments?post=23561"}],"version-history":[{"count":1,"href":"https:\/\/prensapresidencialvenezuela.gob.ve\/index.php\/wp-json\/wp\/v2\/posts\/23561\/revisions"}],"predecessor-version":[{"id":23563,"href":"https:\/\/prensapresidencialvenezuela.gob.ve\/index.php\/wp-json\/wp\/v2\/posts\/23561\/revisions\/23563"}],"wp:featuredmedia":[{"embeddable":true,"href":"https:\/\/prensapresidencialvenezuela.gob.ve\/index.php\/wp-json\/wp\/v2\/media\/23562"}],"wp:attachment":[{"href":"https:\/\/prensapresidencialvenezuela.gob.ve\/index.php\/wp-json\/wp\/v2\/media?parent=23561"}],"wp:term":[{"taxonomy":"category","embeddable":true,"href":"https:\/\/prensapresidencialvenezuela.gob.ve\/index.php\/wp-json\/wp\/v2\/categories?post=23561"},{"taxonomy":"post_tag","embeddable":true,"href":"https:\/\/prensapresidencialvenezuela.gob.ve\/index.php\/wp-json\/wp\/v2\/tags?post=23561"}],"curies":[{"name":"wp","href":"https:\/\/api.w.org\/{rel}","templated":true}]}}