{"id":23567,"date":"2025-09-01T19:24:38","date_gmt":"2025-09-01T23:24:38","guid":{"rendered":"https:\/\/prensapresidencialvenezuela.gob.ve\/?p=23567"},"modified":"2025-09-02T12:03:31","modified_gmt":"2025-09-02T16:03:31","slug":"planes-de-agresion-militar-estadounidense-podria-denunciar-venezuela-en-la-celac","status":"publish","type":"post","link":"https:\/\/prensapresidencialvenezuela.gob.ve\/index.php\/2025\/09\/01\/planes-de-agresion-militar-estadounidense-podria-denunciar-venezuela-en-la-celac\/","title":{"rendered":"Planes de agresi\u00f3n militar estadounidense podr\u00eda denunciar Venezuela en la CELAC"},"content":{"rendered":"\n<p><strong>Caracas, Venezuela.-<\/strong> Ante el pronunciamiento que realizara este lunes la Comunidad de Estados Latinoamericanos y Caribe\u00f1os (CELAC) sobre la posible amenaza del despliegue militar en el Caribe que realiza el gobierno de los Estados Unidos en contra de Venezuela, el Mandatario nacional, Nicol\u00e1s Maduro Moros, agradeci\u00f3 su posici\u00f3n y ratificaci\u00f3n de su existencia frente a estos conflictos internacionales.<\/p>\n\n\n\n<figure class=\"wp-block-pullquote\"><blockquote><p>\u00abGobiernos de la CELAC est\u00e1n conscientes que hay que acompa\u00f1ar a Venezuela en la preservaci\u00f3n de la paz y la soberan\u00eda de nuestro pa\u00eds y de la regi\u00f3n. La inmensa mayor\u00eda del Caribe apoya a nuestro pa\u00eds\u00bb, explic\u00f3 el Presidente venezolano ante la consulta que le realizara uno de los periodistas presentes en la Rueda de Prensa Internacional, la cual cont\u00f3 con la asistencia de m\u00e1s 300 medios.<\/p><\/blockquote><\/figure>\n\n\n\n<p>El Jefe de Estado destac\u00f3 que existe un pu\u00f1ado de gobiernos totalmente subordinados y arrastrados a los planes del Secretario de Estado de los EE.UU, Marco Rubio, \u00abel se\u00f1or de la guerra, el mandam\u00e1s de la Casa Blanca\u00bb y deber\u00e1n asumir &nbsp;las consecuencias de amenazar a Venezuela.<\/p>\n\n\n\n<blockquote class=\"wp-block-quote is-layout-flow wp-block-quote-is-layout-flow\">\n<p>\u00abOjal\u00e1 se convoque lo m\u00e1s pronto posible una cumbre presidencial, as\u00ed sea virtual, de Jefes de Estado y Jefe de Gobierno de la CELAC para promover este debate y abrirle el espacio a Venezuela para denunciar todos estos planes de agresi\u00f3n militar\u00bb, sugiri\u00f3 el Dignatario de Venezuela en su objetivo de denunciar las agresiones sufridas ante todas las instancias internacionales posibles.<\/p>\n<\/blockquote>\n\n\n\n<p>El Presidente Nicol\u00e1s Maduro finaliz\u00f3 esta declaraci\u00f3n, sobre los organismos internacionales, haciendo \u00e9nfasis en que la Organizaci\u00f3n de Naciones Unidas tiene que ser refundada sobre la victoria de la paz mundial y no sobre sus escombros. \u00abDe los escombros de Naciones Unidas lo que quedar\u00e1 es un sistema ca\u00f3tico de violencia donde los m\u00e1s poderosos del mundo creer\u00e1n, en este caso el imperio estadounidense, que puede hacer y deshacer, como est\u00e1n haciendo con el pueblo palestino en Gaza, el genocidio transmitido en vivo y directo, de ni\u00f1os y ni\u00f1as que van a buscar comida y son asesinados a metralla o hasta con misiles. Eso ha sacudido la conciencia humana, la conciencia mundial\u00bb, destac\u00f3 ante los presentes.<\/p>\n\n\n\n<p><strong>Prensa Presidencial\/ Claudia Guerra M\u00e9ndez<\/strong><\/p>\n","protected":false},"excerpt":{"rendered":"<p>Caracas, Venezuela.- Ante el pronunciamiento que realizara este lunes la Comunidad de Estados Latinoamericanos y Caribe\u00f1os (CELAC) sobre la posible amenaza del despliegue militar en el Caribe que realiza el gobierno de los Estados Unidos en contra de Venezuela, el Mandatario nacional, Nicol\u00e1s Maduro Moros, agradeci\u00f3 su posici\u00f3n y ratificaci\u00f3n de su existencia frente a [&hellip;]<\/p>\n","protected":false},"author":1,"featured_media":23575,"comment_status":"open","ping_status":"open","sticky":false,"template":"","format":"standard","meta":{"footnotes":""},"categories":[18,7],"tags":[],"class_list":["post-23567","post","type-post","status-publish","format-standard","has-post-thumbnail","hentry","category-noticias-principales","category-notas-de-prensa"],"_links":{"self":[{"href":"https:\/\/prensapresidencialvenezuela.gob.ve\/index.php\/wp-json\/wp\/v2\/posts\/23567","targetHints":{"allow":["GET"]}}],"collection":[{"href":"https:\/\/prensapresidencialvenezuela.gob.ve\/index.php\/wp-json\/wp\/v2\/posts"}],"about":[{"href":"https:\/\/prensapresidencialvenezuela.gob.ve\/index.php\/wp-json\/wp\/v2\/types\/post"}],"author":[{"embeddable":true,"href":"https:\/\/prensapresidencialvenezuela.gob.ve\/index.php\/wp-json\/wp\/v2\/users\/1"}],"replies":[{"embeddable":true,"href":"https:\/\/prensapresidencialvenezuela.gob.ve\/index.php\/wp-json\/wp\/v2\/comments?post=23567"}],"version-history":[{"count":2,"href":"https:\/\/prensapresidencialvenezuela.gob.ve\/index.php\/wp-json\/wp\/v2\/posts\/23567\/revisions"}],"predecessor-version":[{"id":23571,"href":"https:\/\/prensapresidencialvenezuela.gob.ve\/index.php\/wp-json\/wp\/v2\/posts\/23567\/revisions\/23571"}],"wp:featuredmedia":[{"embeddable":true,"href":"https:\/\/prensapresidencialvenezuela.gob.ve\/index.php\/wp-json\/wp\/v2\/media\/23575"}],"wp:attachment":[{"href":"https:\/\/prensapresidencialvenezuela.gob.ve\/index.php\/wp-json\/wp\/v2\/media?parent=23567"}],"wp:term":[{"taxonomy":"category","embeddable":true,"href":"https:\/\/prensapresidencialvenezuela.gob.ve\/index.php\/wp-json\/wp\/v2\/categories?post=23567"},{"taxonomy":"post_tag","embeddable":true,"href":"https:\/\/prensapresidencialvenezuela.gob.ve\/index.php\/wp-json\/wp\/v2\/tags?post=23567"}],"curies":[{"name":"wp","href":"https:\/\/api.w.org\/{rel}","templated":true}]}}