{"id":23576,"date":"2025-09-02T17:48:05","date_gmt":"2025-09-02T21:48:05","guid":{"rendered":"https:\/\/prensapresidencialvenezuela.gob.ve\/?p=23576"},"modified":"2025-09-02T17:48:26","modified_gmt":"2025-09-02T21:48:26","slug":"presidente-reinaugura-ambulatorio-los-jardines-en-el-valle-para-fortalecer-la-salud-comunitaria","status":"publish","type":"post","link":"https:\/\/prensapresidencialvenezuela.gob.ve\/index.php\/2025\/09\/02\/presidente-reinaugura-ambulatorio-los-jardines-en-el-valle-para-fortalecer-la-salud-comunitaria\/","title":{"rendered":"Presidente reinaugura Ambulatorio \u00abLos Jardines\u00bb en el Valle para fortalecer la salud comunitaria"},"content":{"rendered":"\n<p><strong>Parroquia El Valle, Caracas.<\/strong> &#8211; Con el prop\u00f3sito de continuar garantizando el autogobierno popular y consolidar el Poder Popular organizado, el presidente de la Rep\u00fablica Bolivariana de Venezuela, Nicol\u00e1s Maduro Moros, presidi\u00f3 una jornada de entrega de obras en la comunidad Los Aguacaticos, sector El M\u00f3dulo.<\/p>\n\n\n\n<p>Durante la actividad, el Jefe de Estado realiza un Balance de Comunas, en el cual destaca la rehabilitaci\u00f3n del<strong> Ambulatorio \u00abLos Jardines\u00bb, \u00c1reas de Salud Integral Comunitaria\u00a0(ASIC) \u00abLos Cedros\u00bb, <\/strong>una obra que beneficiar\u00e1 a m\u00e1s de 6 mil 700 habitantes de la comunidad. Este ambulatorio, ubicado en la Comuna Socialista \u00abLa Patria de Bol\u00edvar II\u00bb y con m\u00e1s de 40 a\u00f1os de servicio, ha sido recuperado integralmente para ofrecer atenci\u00f3n de salud de calidad.<\/p>\n\n\n\n<p>La culminaci\u00f3n de estos trabajos es resultado del esfuerzo conjunto del Gobierno Bolivariano y la acci\u00f3n inmediata de las Brigadas Comunitarias Militares de la Educaci\u00f3n y la Salud (Bricomiles). Estas brigadas, conformadas por representantes de la Fuerza Armada Nacional Bolivariana (FANB), impulsan pol\u00edticas de salud p\u00fablica y bienestar en beneficio del pueblo.<\/p>\n\n\n\n<p>La obra, ejecutada con el respaldo del poder comunal y popular, forma parte de la visi\u00f3n estrat\u00e9gica de continuar la recuperaci\u00f3n de espacios en \u00e1reas de salud, cultura, deporte y educaci\u00f3n en las 5.297 Comunas y Circuitos Comunales del pa\u00eds.<\/p>\n\n\n\n<figure class=\"wp-block-image size-large\"><img fetchpriority=\"high\" decoding=\"async\" width=\"1024\" height=\"683\" src=\"https:\/\/prensapresidencialvenezuela.gob.ve\/wp-content\/uploads\/2025\/09\/07fa5a60-01f9-40ca-be5c-b0f368192ea7-1024x683.jpg\" alt=\"\" class=\"wp-image-23578\" srcset=\"https:\/\/prensapresidencialvenezuela.gob.ve\/wp-content\/uploads\/2025\/09\/07fa5a60-01f9-40ca-be5c-b0f368192ea7-1024x683.jpg 1024w, https:\/\/prensapresidencialvenezuela.gob.ve\/wp-content\/uploads\/2025\/09\/07fa5a60-01f9-40ca-be5c-b0f368192ea7-300x200.jpg 300w, https:\/\/prensapresidencialvenezuela.gob.ve\/wp-content\/uploads\/2025\/09\/07fa5a60-01f9-40ca-be5c-b0f368192ea7-768x512.jpg 768w, https:\/\/prensapresidencialvenezuela.gob.ve\/wp-content\/uploads\/2025\/09\/07fa5a60-01f9-40ca-be5c-b0f368192ea7-1536x1024.jpg 1536w, https:\/\/prensapresidencialvenezuela.gob.ve\/wp-content\/uploads\/2025\/09\/07fa5a60-01f9-40ca-be5c-b0f368192ea7-2048x1366.jpg 2048w\" sizes=\"(max-width: 1024px) 100vw, 1024px\" \/><\/figure>\n\n\n\n<h2 class=\"wp-block-heading\"><strong>Avances en la atenci\u00f3n m\u00e9dica y bienestar social<\/strong><\/h2>\n\n\n\n<p>El renovado centro de salud cuenta con un equipo multidisciplinario de profesionales, incluyendo m\u00e9dicos generales, enfermeras, licenciadas en trabajo social y promotoras de salud, que se encargar\u00e1n de brindar atenci\u00f3n de primera en las siguientes \u00e1reas:<\/p>\n\n\n\n<ul class=\"wp-block-list\">\n<li><strong>Ginecolog\u00eda<\/strong><\/li>\n\n\n\n<li><strong>Pediatr\u00eda<\/strong><\/li>\n\n\n\n<li><strong>Medicina General<\/strong><\/li>\n\n\n\n<li><strong>Odontolog\u00eda<\/strong><\/li>\n\n\n\n<li><strong>Psicolog\u00eda<\/strong><\/li>\n\n\n\n<li><strong>Trabajo Social<\/strong><\/li>\n\n\n\n<li><strong>Consulta adolescente<\/strong><\/li>\n\n\n\n<li><strong>Inmunizaci\u00f3n<\/strong><\/li>\n<\/ul>\n\n\n\n<p>Adem\u00e1s del ambulatorio, la comunidad de Los Aguacaticos cuenta con una robusta organizaci\u00f3n social, representada por trece Consejos Comunales, entre los que se encuentran:<\/p>\n\n\n\n<ul class=\"wp-block-list\">\n<li>Vuelta de Monta\u00f1o<\/li>\n\n\n\n<li>Luchadores de Vista Alegre<\/li>\n\n\n\n<li>Revoluci\u00f3n con Armon\u00eda<\/li>\n\n\n\n<li>Callej\u00f3n Canuto<\/li>\n\n\n\n<li>Esfuerzo y Comunidad<\/li>\n\n\n\n<li>Esperanza Alta<\/li>\n\n\n\n<li>El M\u00f3dulo<\/li>\n\n\n\n<li>Antonio Guzm\u00e1n Blanco<\/li>\n\n\n\n<li>Salto \u00c1ngel<\/li>\n\n\n\n<li>Estrella de David<\/li>\n\n\n\n<li>Escaleras Las Morochas<\/li>\n\n\n\n<li>Deportivo Calder\u00f3n<\/li>\n<\/ul>\n\n\n\n<figure class=\"wp-block-image size-large\"><img decoding=\"async\" width=\"1024\" height=\"683\" src=\"https:\/\/prensapresidencialvenezuela.gob.ve\/wp-content\/uploads\/2025\/09\/8a324e0c-6b78-44e7-9e64-3995ea1d7fea-1024x683.jpg\" alt=\"\" class=\"wp-image-23579\" srcset=\"https:\/\/prensapresidencialvenezuela.gob.ve\/wp-content\/uploads\/2025\/09\/8a324e0c-6b78-44e7-9e64-3995ea1d7fea-1024x683.jpg 1024w, https:\/\/prensapresidencialvenezuela.gob.ve\/wp-content\/uploads\/2025\/09\/8a324e0c-6b78-44e7-9e64-3995ea1d7fea-300x200.jpg 300w, https:\/\/prensapresidencialvenezuela.gob.ve\/wp-content\/uploads\/2025\/09\/8a324e0c-6b78-44e7-9e64-3995ea1d7fea-768x512.jpg 768w, https:\/\/prensapresidencialvenezuela.gob.ve\/wp-content\/uploads\/2025\/09\/8a324e0c-6b78-44e7-9e64-3995ea1d7fea-1536x1024.jpg 1536w, https:\/\/prensapresidencialvenezuela.gob.ve\/wp-content\/uploads\/2025\/09\/8a324e0c-6b78-44e7-9e64-3995ea1d7fea-2048x1366.jpg 2048w\" sizes=\"(max-width: 1024px) 100vw, 1024px\" \/><\/figure>\n\n\n\n<p>Asimismo, la comuna dispone de la Base de Misiones Socialista \u00abXiomara Rosales\u00bb, una Sala de Autogobierno Comunal, espacios deportivos para la juventud, bodegas beneficiadas con el Plan Bodega y un \u00e1rea activa para una Planta Potabilizadora. Todas estas iniciativas fortalecen el tejido social y garantizan el bienestar integral de sus habitantes.<\/p>\n\n\n\n<p><strong>Prensa Presidencial\/ Irmary D\u00edaz<\/strong><\/p>\n","protected":false},"excerpt":{"rendered":"<p>Parroquia El Valle, Caracas. &#8211; Con el prop\u00f3sito de continuar garantizando el autogobierno popular y consolidar el Poder Popular organizado, el presidente de la Rep\u00fablica Bolivariana de Venezuela, Nicol\u00e1s Maduro Moros, presidi\u00f3 una jornada de entrega de obras en la comunidad Los Aguacaticos, sector El M\u00f3dulo. Durante la actividad, el Jefe de Estado realiza un [&hellip;]<\/p>\n","protected":false},"author":1,"featured_media":23577,"comment_status":"open","ping_status":"open","sticky":false,"template":"","format":"standard","meta":{"footnotes":""},"categories":[18,7,1],"tags":[],"class_list":["post-23576","post","type-post","status-publish","format-standard","has-post-thumbnail","hentry","category-noticias-principales","category-notas-de-prensa","category-sin-categoria"],"_links":{"self":[{"href":"https:\/\/prensapresidencialvenezuela.gob.ve\/index.php\/wp-json\/wp\/v2\/posts\/23576","targetHints":{"allow":["GET"]}}],"collection":[{"href":"https:\/\/prensapresidencialvenezuela.gob.ve\/index.php\/wp-json\/wp\/v2\/posts"}],"about":[{"href":"https:\/\/prensapresidencialvenezuela.gob.ve\/index.php\/wp-json\/wp\/v2\/types\/post"}],"author":[{"embeddable":true,"href":"https:\/\/prensapresidencialvenezuela.gob.ve\/index.php\/wp-json\/wp\/v2\/users\/1"}],"replies":[{"embeddable":true,"href":"https:\/\/prensapresidencialvenezuela.gob.ve\/index.php\/wp-json\/wp\/v2\/comments?post=23576"}],"version-history":[{"count":1,"href":"https:\/\/prensapresidencialvenezuela.gob.ve\/index.php\/wp-json\/wp\/v2\/posts\/23576\/revisions"}],"predecessor-version":[{"id":23580,"href":"https:\/\/prensapresidencialvenezuela.gob.ve\/index.php\/wp-json\/wp\/v2\/posts\/23576\/revisions\/23580"}],"wp:featuredmedia":[{"embeddable":true,"href":"https:\/\/prensapresidencialvenezuela.gob.ve\/index.php\/wp-json\/wp\/v2\/media\/23577"}],"wp:attachment":[{"href":"https:\/\/prensapresidencialvenezuela.gob.ve\/index.php\/wp-json\/wp\/v2\/media?parent=23576"}],"wp:term":[{"taxonomy":"category","embeddable":true,"href":"https:\/\/prensapresidencialvenezuela.gob.ve\/index.php\/wp-json\/wp\/v2\/categories?post=23576"},{"taxonomy":"post_tag","embeddable":true,"href":"https:\/\/prensapresidencialvenezuela.gob.ve\/index.php\/wp-json\/wp\/v2\/tags?post=23576"}],"curies":[{"name":"wp","href":"https:\/\/api.w.org\/{rel}","templated":true}]}}