{"id":23581,"date":"2025-09-02T19:01:47","date_gmt":"2025-09-02T23:01:47","guid":{"rendered":"https:\/\/prensapresidencialvenezuela.gob.ve\/?p=23581"},"modified":"2025-09-02T19:01:47","modified_gmt":"2025-09-02T23:01:47","slug":"mas-salud-y-buen-vivir-para-el-pueblo-de-coro-al-reinaugurarse-el-cdi-pedro-de-armas","status":"publish","type":"post","link":"https:\/\/prensapresidencialvenezuela.gob.ve\/index.php\/2025\/09\/02\/mas-salud-y-buen-vivir-para-el-pueblo-de-coro-al-reinaugurarse-el-cdi-pedro-de-armas\/","title":{"rendered":"M\u00e1s salud y buen vivir para el pueblo de Coro al reinaugurarse el CDI Pedro de Armas"},"content":{"rendered":"\n<p><strong>Parroquia San Antonio, estado Falc\u00f3n.-<\/strong> Durante una transmisi\u00f3n televisiva desde la parroquia El Valle de Caracas, bajo la premisa de \u00abMartes de Poder Popular\u00bb, el presidente Nicol\u00e1s Maduro Moros reinaugur\u00f3, v\u00eda satelital, el Centro Diagn\u00f3stico Integral (CDI) Pedro de Armas, el cual beneficiar\u00e1 a m\u00e1s de 100 mil habitantes que hacen vida en el punto y c\u00edrculo de la parroquia de San Antonio, donde se concentra la mayor cantidad de habitantes del municipio Miranda, de la ciudad de Coro, estado Falc\u00f3n.<\/p>\n\n\n\n<p>Acompa\u00f1ado por la primera dama, Cilia Flores, el ministro del Poder Popular para las Comunas, Movimientos Sociales y Agricultura Urbana, \u00c1ngel Prado; la ministra del Poder Popular para la Salud, Magaly Guti\u00e9rrez; el jefe de Gobierno del Distrito Capital, Nahum Fern\u00e1ndez; y la alcaldesa de Caracas, AJ Carmen Mel\u00e9ndez, el Mandatario nacional contin\u00faa rehabilitando espacios para el buen vivir del pueblo venezolano.<\/p>\n\n\n\n<p>\u00abEs muy importante la combinaci\u00f3n de los esfuerzos entre la comunidad organizada \u2500el Poder Popular\u2500 gobernando. El Autogobierno Popular es la verdadera democracia. Lo dem\u00e1s, es mentira. Lo dem\u00e1s est\u00e1 agotado\u00bb, dijo el Jefe de Estado venezolano al referirse a la nueva visi\u00f3n del Gobierno Revolucionario que ahora est\u00e1 en manos de la organizaci\u00f3n comunal.<\/p>\n\n\n\n<p>La intervenci\u00f3n integral de este centro de atenci\u00f3n no solo abarc\u00f3 las reparaciones f\u00edsicas, sino que tambi\u00e9n logr\u00f3 la transformaci\u00f3n del mismo, ampliando sus servicios, alcanzando un total de 25 \u00e1reas habilitadas para la atenci\u00f3n del pueblo.<\/p>\n\n\n\n<p>El Centro Diagn\u00f3stico Integral (CDI) Pedro de Armas ahora cuenta con una Sala de Emergencia con 24 horas de atenci\u00f3n, Unidades de Cuidados de Terapia Intensiva\/Cuidados Especiales. De igual manera, cuenta con un Quir\u00f3fano, \u00e1rea de Hospitalizaci\u00f3n, de Triaje, Odontolog\u00eda, Sala de Inmunizaci\u00f3n, Oftalmolog\u00eda, Endoscop\u00eda, Rayos X; adem\u00e1s de todos los servicios asociados de forma gratuita, universal, directa, de calidad.<\/p>\n\n\n\n<p>Un total de 23 comunas y 190 comunidades ser\u00e1n directamente beneficiadas y, a su vez, representan a m\u00e1s de 24 mil familias del sector. A este acto asistieron el gobernador del estado Falc\u00f3n, V\u00edctor Clark, y el alcalde del municipio Miranda, Henry Hern\u00e1ndez, reci\u00e9n electo, entre otras autoridades de la entidad falconiana.<\/p>\n\n\n\n<p><strong>Prensa Presidencial\/ Claudia Guerra M\u00e9ndez<\/strong><\/p>\n","protected":false},"excerpt":{"rendered":"<p>Parroquia San Antonio, estado Falc\u00f3n.- Durante una transmisi\u00f3n televisiva desde la parroquia El Valle de Caracas, bajo la premisa de \u00abMartes de Poder Popular\u00bb, el presidente Nicol\u00e1s Maduro Moros reinaugur\u00f3, v\u00eda satelital, el Centro Diagn\u00f3stico Integral (CDI) Pedro de Armas, el cual beneficiar\u00e1 a m\u00e1s de 100 mil habitantes que hacen vida en el punto [&hellip;]<\/p>\n","protected":false},"author":1,"featured_media":23582,"comment_status":"open","ping_status":"open","sticky":false,"template":"","format":"standard","meta":{"footnotes":""},"categories":[18,7],"tags":[],"class_list":["post-23581","post","type-post","status-publish","format-standard","has-post-thumbnail","hentry","category-noticias-principales","category-notas-de-prensa"],"_links":{"self":[{"href":"https:\/\/prensapresidencialvenezuela.gob.ve\/index.php\/wp-json\/wp\/v2\/posts\/23581","targetHints":{"allow":["GET"]}}],"collection":[{"href":"https:\/\/prensapresidencialvenezuela.gob.ve\/index.php\/wp-json\/wp\/v2\/posts"}],"about":[{"href":"https:\/\/prensapresidencialvenezuela.gob.ve\/index.php\/wp-json\/wp\/v2\/types\/post"}],"author":[{"embeddable":true,"href":"https:\/\/prensapresidencialvenezuela.gob.ve\/index.php\/wp-json\/wp\/v2\/users\/1"}],"replies":[{"embeddable":true,"href":"https:\/\/prensapresidencialvenezuela.gob.ve\/index.php\/wp-json\/wp\/v2\/comments?post=23581"}],"version-history":[{"count":1,"href":"https:\/\/prensapresidencialvenezuela.gob.ve\/index.php\/wp-json\/wp\/v2\/posts\/23581\/revisions"}],"predecessor-version":[{"id":23583,"href":"https:\/\/prensapresidencialvenezuela.gob.ve\/index.php\/wp-json\/wp\/v2\/posts\/23581\/revisions\/23583"}],"wp:featuredmedia":[{"embeddable":true,"href":"https:\/\/prensapresidencialvenezuela.gob.ve\/index.php\/wp-json\/wp\/v2\/media\/23582"}],"wp:attachment":[{"href":"https:\/\/prensapresidencialvenezuela.gob.ve\/index.php\/wp-json\/wp\/v2\/media?parent=23581"}],"wp:term":[{"taxonomy":"category","embeddable":true,"href":"https:\/\/prensapresidencialvenezuela.gob.ve\/index.php\/wp-json\/wp\/v2\/categories?post=23581"},{"taxonomy":"post_tag","embeddable":true,"href":"https:\/\/prensapresidencialvenezuela.gob.ve\/index.php\/wp-json\/wp\/v2\/tags?post=23581"}],"curies":[{"name":"wp","href":"https:\/\/api.w.org\/{rel}","templated":true}]}}