{"id":23587,"date":"2025-09-02T19:26:02","date_gmt":"2025-09-02T23:26:02","guid":{"rendered":"https:\/\/prensapresidencialvenezuela.gob.ve\/?p=23587"},"modified":"2025-09-02T19:26:02","modified_gmt":"2025-09-02T23:26:02","slug":"conoce-las-dos-razones-por-las-que-pretenden-atacar-a-venezuela","status":"publish","type":"post","link":"https:\/\/prensapresidencialvenezuela.gob.ve\/index.php\/2025\/09\/02\/conoce-las-dos-razones-por-las-que-pretenden-atacar-a-venezuela\/","title":{"rendered":"Conoce las dos razones por las que pretenden atacar a Venezuela"},"content":{"rendered":"\n<p><strong>El Valle, Caracas. &#8211; <\/strong>El presidente de la Rep\u00fablica Bolivariana de Venezuela, Nicol\u00e1s Maduro, afirm\u00f3 que los ataques del imperialismo contra la naci\u00f3n tienen dos motivaciones principales: el control de las riquezas naturales y la destrucci\u00f3n del proyecto pol\u00edtico revolucionario.<\/p>\n\n\n\n<p>Desde el sector Los Aguacaticos, en la parroquia El Valle de Caracas, el Mandatario nacional hizo estas declaraciones durante una actividad comunal, en la que resalt\u00f3 la importancia de la democracia y el autogobierno en la defensa del territorio y sus recursos.<\/p>\n\n\n\n<figure class=\"wp-block-image size-full\"><img fetchpriority=\"high\" decoding=\"async\" width=\"1280\" height=\"853\" src=\"https:\/\/prensapresidencialvenezuela.gob.ve\/wp-content\/uploads\/2025\/09\/photo_5024207147944227384_y.jpg\" alt=\"\" class=\"wp-image-23589\" srcset=\"https:\/\/prensapresidencialvenezuela.gob.ve\/wp-content\/uploads\/2025\/09\/photo_5024207147944227384_y.jpg 1280w, https:\/\/prensapresidencialvenezuela.gob.ve\/wp-content\/uploads\/2025\/09\/photo_5024207147944227384_y-300x200.jpg 300w, https:\/\/prensapresidencialvenezuela.gob.ve\/wp-content\/uploads\/2025\/09\/photo_5024207147944227384_y-1024x682.jpg 1024w, https:\/\/prensapresidencialvenezuela.gob.ve\/wp-content\/uploads\/2025\/09\/photo_5024207147944227384_y-768x512.jpg 768w\" sizes=\"(max-width: 1280px) 100vw, 1280px\" \/><\/figure>\n\n\n\n<p><strong>La riqueza natural y las reservas de Venezuela<\/strong><\/p>\n\n\n\n<p>El jefe de Estado venezolano asegur\u00f3 que una de las razones para atacar al pa\u00eds es la ambici\u00f3n por sus vastas reservas de recursos naturales.<\/p>\n\n\n\n<p>\u00abEllos vienen por el petr\u00f3leo venezolano, lo quieren gratis, por el gas&#8230; Tenemos la principal reserva de petr\u00f3leo, y ese petr\u00f3leo no le pertenece a Maduro y menos a los gringos, ese petr\u00f3leo es de ustedes\u00bb, sentenci\u00f3.<\/p>\n\n\n\n<p>El Presidente destac\u00f3 que Venezuela posee la mayor reserva de petr\u00f3leo del mundo, la cuarta de gas y una de las primeras de oro. Adem\u00e1s, mencion\u00f3 el potencial agr\u00edcola de la naci\u00f3n, afirmando: \u00abVienen por las riquezas naturales, las tierras f\u00e9rtiles\u00bb.<\/p>\n\n\n\n<p><strong>El Proyecto Bolivariano como segunda raz\u00f3n<\/strong><\/p>\n\n\n\n<p>La segunda motivaci\u00f3n para amenazar a Venezuela con ataques imperiales es el intento de erradicar el proyecto pol\u00edtico de la Revoluci\u00f3n Bolivariana.<\/p>\n\n\n\n<p>\u00abVienen por una segunda riqueza, el proyecto de Sim\u00f3n Bol\u00edvar, el proyecto Revolucionario del Socialismo del Siglo XXI&#8230; Vienen para intentar arrancar de ra\u00edz el proyecto m\u00e1s grande que ha tenido nuestra Am\u00e9rica, que es el proyecto de Sim\u00f3n Bol\u00edvar y de Sucre\u00bb, mencion\u00f3.<\/p>\n\n\n\n<p>En ese sentido, afirm\u00f3 que el objetivo de toda amenaza imperial es evitar que el modelo venezolano sirva de ejemplo para otros pa\u00edses.<\/p>\n\n\n\n<p>En su discurso, el Presidente venezolano tambi\u00e9n mencion\u00f3 a la juventud de Estados Unidos, afirmando que esta no cree en las \u00abmentiras del mandam\u00e1s de la Casa Blanca, Marco Rubio\u00bb.<\/p>\n\n\n\n<p><strong>Prensa Presidencial \/ Iliana Rosales<\/strong><\/p>\n","protected":false},"excerpt":{"rendered":"<p>El Valle, Caracas. &#8211; El presidente de la Rep\u00fablica Bolivariana de Venezuela, Nicol\u00e1s Maduro, afirm\u00f3 que los ataques del imperialismo contra la naci\u00f3n tienen dos motivaciones principales: el control de las riquezas naturales y la destrucci\u00f3n del proyecto pol\u00edtico revolucionario. Desde el sector Los Aguacaticos, en la parroquia El Valle de Caracas, el Mandatario nacional [&hellip;]<\/p>\n","protected":false},"author":1,"featured_media":23588,"comment_status":"open","ping_status":"open","sticky":false,"template":"","format":"standard","meta":{"footnotes":""},"categories":[18,7],"tags":[],"class_list":["post-23587","post","type-post","status-publish","format-standard","has-post-thumbnail","hentry","category-noticias-principales","category-notas-de-prensa"],"_links":{"self":[{"href":"https:\/\/prensapresidencialvenezuela.gob.ve\/index.php\/wp-json\/wp\/v2\/posts\/23587","targetHints":{"allow":["GET"]}}],"collection":[{"href":"https:\/\/prensapresidencialvenezuela.gob.ve\/index.php\/wp-json\/wp\/v2\/posts"}],"about":[{"href":"https:\/\/prensapresidencialvenezuela.gob.ve\/index.php\/wp-json\/wp\/v2\/types\/post"}],"author":[{"embeddable":true,"href":"https:\/\/prensapresidencialvenezuela.gob.ve\/index.php\/wp-json\/wp\/v2\/users\/1"}],"replies":[{"embeddable":true,"href":"https:\/\/prensapresidencialvenezuela.gob.ve\/index.php\/wp-json\/wp\/v2\/comments?post=23587"}],"version-history":[{"count":1,"href":"https:\/\/prensapresidencialvenezuela.gob.ve\/index.php\/wp-json\/wp\/v2\/posts\/23587\/revisions"}],"predecessor-version":[{"id":23590,"href":"https:\/\/prensapresidencialvenezuela.gob.ve\/index.php\/wp-json\/wp\/v2\/posts\/23587\/revisions\/23590"}],"wp:featuredmedia":[{"embeddable":true,"href":"https:\/\/prensapresidencialvenezuela.gob.ve\/index.php\/wp-json\/wp\/v2\/media\/23588"}],"wp:attachment":[{"href":"https:\/\/prensapresidencialvenezuela.gob.ve\/index.php\/wp-json\/wp\/v2\/media?parent=23587"}],"wp:term":[{"taxonomy":"category","embeddable":true,"href":"https:\/\/prensapresidencialvenezuela.gob.ve\/index.php\/wp-json\/wp\/v2\/categories?post=23587"},{"taxonomy":"post_tag","embeddable":true,"href":"https:\/\/prensapresidencialvenezuela.gob.ve\/index.php\/wp-json\/wp\/v2\/tags?post=23587"}],"curies":[{"name":"wp","href":"https:\/\/api.w.org\/{rel}","templated":true}]}}