{"id":23591,"date":"2025-09-02T19:53:47","date_gmt":"2025-09-02T23:53:47","guid":{"rendered":"https:\/\/prensapresidencialvenezuela.gob.ve\/?p=23591"},"modified":"2025-09-02T19:53:47","modified_gmt":"2025-09-02T23:53:47","slug":"repotencian-cdi-en-portuguesa-con-dotacion-de-equipos-y-rehabilitacion-integral","status":"publish","type":"post","link":"https:\/\/prensapresidencialvenezuela.gob.ve\/index.php\/2025\/09\/02\/repotencian-cdi-en-portuguesa-con-dotacion-de-equipos-y-rehabilitacion-integral\/","title":{"rendered":"Repotencian CDI en Portuguesa con dotaci\u00f3n de equipos y rehabilitaci\u00f3n integral"},"content":{"rendered":"\n<p><br><strong>Ospino, Portuguesa<\/strong>.- El gobernador del estado Portuguesa, Antonio Primitivo Cede\u00f1o, reinaugur\u00f3 este martes el Centro de Diagn\u00f3stico Integral (CDI), Doctor Daniel Camejo Acosta, en el municipio Ospino, con capacidad de brindar 5 mil 100 atenciones mensuales.<\/p>\n\n\n\n<p>\u00abOspino, hoy coloca en funcionamiento una obra que se suma a las m\u00faltiples obras que hemos logrado y que se est\u00e1n por entregar\u00bb, dijo, para luego anunciar que pr\u00f3ximamente estar\u00e1n inaugurando la nueva maternidad y \u00e1rea neonatal del Hospital de Guanare, que contar\u00e1 con equipamiento nuevo y estructuras totalmente remozadas.<\/p>\n\n\n\n<p>La reinauguraci\u00f3n del CDI representa un hito para el sistema de salud regional, significando no solo la rehabilitaci\u00f3n de la infraestructura, sino tambi\u00e9n la incorporaci\u00f3n de tecnolog\u00eda de vanguardia y equipos m\u00e9dicos que optimizar\u00e1n la atenci\u00f3n a los pacientes, mejorando tambi\u00e9n las condiciones laborales del personal sanitario.<\/p>\n\n\n\n<p>Entre los servicios que se brindar\u00e1n en el CDI, se encuentra hospitalizaci\u00f3n, laboratorio, rayos X y ecograf\u00eda, endoscopias, consultas externas, consultas ginecobstetricia, odontolog\u00eda, inmunizaci\u00f3n, psicolog\u00eda, nutrici\u00f3n, traumatolog\u00eda y oftalmolog\u00eda.<\/p>\n\n\n\n<p>Las labores de rehabilitaci\u00f3n del centro de salud, incluyeron la rehabilitaci\u00f3n integral del CDI, la impermeabilizaci\u00f3n de techos, pintura externa e interna, la colocaci\u00f3n de luminarias, la climatizaci\u00f3n de los espacios, la adecuaci\u00f3n de servicios sanitarios, la dotaci\u00f3n de equipos y mobiliarios, entre otros.<\/p>\n\n\n\n<p><strong>Prensa Presidencial \/ Iliana Rosales<\/strong><\/p>\n","protected":false},"excerpt":{"rendered":"<p>Ospino, Portuguesa.- El gobernador del estado Portuguesa, Antonio Primitivo Cede\u00f1o, reinaugur\u00f3 este martes el Centro de Diagn\u00f3stico Integral (CDI), Doctor Daniel Camejo Acosta, en el municipio Ospino, con capacidad de brindar 5 mil 100 atenciones mensuales. \u00abOspino, hoy coloca en funcionamiento una obra que se suma a las m\u00faltiples obras que hemos logrado y que [&hellip;]<\/p>\n","protected":false},"author":1,"featured_media":23592,"comment_status":"open","ping_status":"open","sticky":false,"template":"","format":"standard","meta":{"footnotes":""},"categories":[18,7],"tags":[],"class_list":["post-23591","post","type-post","status-publish","format-standard","has-post-thumbnail","hentry","category-noticias-principales","category-notas-de-prensa"],"_links":{"self":[{"href":"https:\/\/prensapresidencialvenezuela.gob.ve\/index.php\/wp-json\/wp\/v2\/posts\/23591","targetHints":{"allow":["GET"]}}],"collection":[{"href":"https:\/\/prensapresidencialvenezuela.gob.ve\/index.php\/wp-json\/wp\/v2\/posts"}],"about":[{"href":"https:\/\/prensapresidencialvenezuela.gob.ve\/index.php\/wp-json\/wp\/v2\/types\/post"}],"author":[{"embeddable":true,"href":"https:\/\/prensapresidencialvenezuela.gob.ve\/index.php\/wp-json\/wp\/v2\/users\/1"}],"replies":[{"embeddable":true,"href":"https:\/\/prensapresidencialvenezuela.gob.ve\/index.php\/wp-json\/wp\/v2\/comments?post=23591"}],"version-history":[{"count":1,"href":"https:\/\/prensapresidencialvenezuela.gob.ve\/index.php\/wp-json\/wp\/v2\/posts\/23591\/revisions"}],"predecessor-version":[{"id":23593,"href":"https:\/\/prensapresidencialvenezuela.gob.ve\/index.php\/wp-json\/wp\/v2\/posts\/23591\/revisions\/23593"}],"wp:featuredmedia":[{"embeddable":true,"href":"https:\/\/prensapresidencialvenezuela.gob.ve\/index.php\/wp-json\/wp\/v2\/media\/23592"}],"wp:attachment":[{"href":"https:\/\/prensapresidencialvenezuela.gob.ve\/index.php\/wp-json\/wp\/v2\/media?parent=23591"}],"wp:term":[{"taxonomy":"category","embeddable":true,"href":"https:\/\/prensapresidencialvenezuela.gob.ve\/index.php\/wp-json\/wp\/v2\/categories?post=23591"},{"taxonomy":"post_tag","embeddable":true,"href":"https:\/\/prensapresidencialvenezuela.gob.ve\/index.php\/wp-json\/wp\/v2\/tags?post=23591"}],"curies":[{"name":"wp","href":"https:\/\/api.w.org\/{rel}","templated":true}]}}