{"id":23597,"date":"2025-09-03T17:05:01","date_gmt":"2025-09-03T21:05:01","guid":{"rendered":"https:\/\/prensapresidencialvenezuela.gob.ve\/?p=23597"},"modified":"2025-09-03T17:28:03","modified_gmt":"2025-09-03T21:28:03","slug":"venezuela-y-china-conmemoran-el-triunfo-mundial-antifascista-con-la-develacion-de-un-monumento-en-caracas","status":"publish","type":"post","link":"https:\/\/prensapresidencialvenezuela.gob.ve\/index.php\/2025\/09\/03\/venezuela-y-china-conmemoran-el-triunfo-mundial-antifascista-con-la-develacion-de-un-monumento-en-caracas\/","title":{"rendered":"China y Venezuela conmemoran el triunfo mundial antifascista con la develaci\u00f3n de un monumento en Caracas"},"content":{"rendered":"\n<p><strong>Caracas, Venezuela \u2013 <\/strong>El presidente de la Rep\u00fablica Bolivariana de Venezuela, Nicol\u00e1s Maduro, lidera la ceremonia de inauguraci\u00f3n de un monumento conmemorativo del 80.\u00ba aniversario de la victoria en la Guerra de Resistencia del Pueblo Chino contra la Agresi\u00f3n Japonesa y la victoria de la Guerra Mundial Antifascista. Este acto oficial, realizado en la zona norte de Caracas, subraya la alianza estrat\u00e9gica entre ambas naciones y la visi\u00f3n compartida de un mundo multipolar.<\/p>\n\n\n\n<figure class=\"wp-block-image size-large\"><img fetchpriority=\"high\" decoding=\"async\" width=\"1024\" height=\"698\" src=\"https:\/\/prensapresidencialvenezuela.gob.ve\/wp-content\/uploads\/2025\/09\/17EG__3591_P-1024x698.jpg\" alt=\"\" class=\"wp-image-23600\" srcset=\"https:\/\/prensapresidencialvenezuela.gob.ve\/wp-content\/uploads\/2025\/09\/17EG__3591_P-1024x698.jpg 1024w, https:\/\/prensapresidencialvenezuela.gob.ve\/wp-content\/uploads\/2025\/09\/17EG__3591_P-300x205.jpg 300w, https:\/\/prensapresidencialvenezuela.gob.ve\/wp-content\/uploads\/2025\/09\/17EG__3591_P-768x524.jpg 768w, https:\/\/prensapresidencialvenezuela.gob.ve\/wp-content\/uploads\/2025\/09\/17EG__3591_P-1536x1048.jpg 1536w, https:\/\/prensapresidencialvenezuela.gob.ve\/wp-content\/uploads\/2025\/09\/17EG__3591_P-2048x1397.jpg 2048w\" sizes=\"(max-width: 1024px) 100vw, 1024px\" \/><\/figure>\n\n\n\n<p>El evento, que celebra el fin de la Ofensiva Civil y el nacimiento de la Rep\u00fablica Popular China, cuenta con la presencia de la Vicepresidenta Ejecutiva, Delcy Rodr\u00edguez; Vicepresidenta sectorial de Ciencia, Tecnolog\u00eda, Educaci\u00f3n y Salud, Gabriela Jim\u00e9nez Ram\u00edrez; el General en Jefe Vladimir Padrino L\u00f3pez, Vicepresidente Sectorial de Defensa y Soberan\u00eda y Ministro del Poder Popular para la Defensa; el Excelent\u00edsimo Sr. Lan Hu, Embajador de la Rep\u00fablica Popular China en Venezuela; y el General en Jefe Domingo Antonio Hern\u00e1ndez L\u00e1rez, Comandante Estrat\u00e9gico Operacional de la Fuerza Armada Nacional Bolivariana.<\/p>\n\n\n\n<figure class=\"wp-block-image size-large\"><img decoding=\"async\" width=\"1024\" height=\"705\" src=\"https:\/\/prensapresidencialvenezuela.gob.ve\/wp-content\/uploads\/2025\/09\/20EG__3669_P-1024x705.jpg\" alt=\"\" class=\"wp-image-23601\" srcset=\"https:\/\/prensapresidencialvenezuela.gob.ve\/wp-content\/uploads\/2025\/09\/20EG__3669_P-1024x705.jpg 1024w, https:\/\/prensapresidencialvenezuela.gob.ve\/wp-content\/uploads\/2025\/09\/20EG__3669_P-300x207.jpg 300w, https:\/\/prensapresidencialvenezuela.gob.ve\/wp-content\/uploads\/2025\/09\/20EG__3669_P-768x529.jpg 768w, https:\/\/prensapresidencialvenezuela.gob.ve\/wp-content\/uploads\/2025\/09\/20EG__3669_P-1536x1058.jpg 1536w, https:\/\/prensapresidencialvenezuela.gob.ve\/wp-content\/uploads\/2025\/09\/20EG__3669_P-2048x1411.jpg 2048w\" sizes=\"(max-width: 1024px) 100vw, 1024px\" \/><\/figure>\n\n\n\n<p>El evento enfatiza la importancia de la uni\u00f3n entre pueblos libres en la construcci\u00f3n de un futuro de paz y prosperidad, alejado de las l\u00f3gicas hegem\u00f3nicas.<\/p>\n\n\n\n<p>El monumento, ubicado al final de la avenida Baralt con Boyac\u00e1, rinde homenaje a la historia y el futuro de China y se divide en dos partes principales:<\/p>\n\n\n\n<p>&#8211;<strong>La historia:<\/strong> Un muro con altos relieves que narra la Guerra de Resistencia del pueblo chino. En la parte superior, posee una bandera que simboliza los logros revolucionarios de la naci\u00f3n. En el reverso, la Gran Muralla China se erige como un s\u00edmbolo de la fortaleza y resiliencia del pueblo. Alrededor de la base, se visualizan 34 emblemas que representan las provincias que participaron en la victoria.<\/p>\n\n\n\n<p>&#8211;<strong>El presente y futuro:<\/strong> Un grupo escult\u00f3rico que muestra a una familia avanzando unida, con figuras que simbolizan la educaci\u00f3n, la ciencia, el deporte y el trabajo. Tambi\u00e9n, posee una figura femenina en la retaguardia que sostiene una antorcha y que es representativa de la victoria de China y su papel como guardiana de la naci\u00f3n.<\/p>\n\n\n\n<p>La obra incluye una placa con una dedicatoria del pueblo venezolano a los millones de hombres y mujeres de la Rep\u00fablica Popular China que derrotaron a las fuerzas invasoras hace 80 a\u00f1os.<\/p>\n\n\n\n<p>La ceremonia tambi\u00e9n incluye una ofrenda floral, la izada de la bandera china, una presentaci\u00f3n cultural del ballet de Romer Botini y Frank Frontado, y el disparo de 14 salvas de artiller\u00eda que simbolizan los 14 a\u00f1os de resistencia china a la invasi\u00f3n japonesa, desde 1931 hasta 1945.<\/p>\n\n\n\n<p><strong>Prensa Presidencial \/ Iliana Rosales<\/strong><\/p>\n","protected":false},"excerpt":{"rendered":"<p>Caracas, Venezuela \u2013 El presidente de la Rep\u00fablica Bolivariana de Venezuela, Nicol\u00e1s Maduro, lidera la ceremonia de inauguraci\u00f3n de un monumento conmemorativo del 80.\u00ba aniversario de la victoria en la Guerra de Resistencia del Pueblo Chino contra la Agresi\u00f3n Japonesa y la victoria de la Guerra Mundial Antifascista. Este acto oficial, realizado en la zona [&hellip;]<\/p>\n","protected":false},"author":1,"featured_media":23598,"comment_status":"open","ping_status":"open","sticky":false,"template":"","format":"standard","meta":{"footnotes":""},"categories":[18,7],"tags":[],"class_list":["post-23597","post","type-post","status-publish","format-standard","has-post-thumbnail","hentry","category-noticias-principales","category-notas-de-prensa"],"_links":{"self":[{"href":"https:\/\/prensapresidencialvenezuela.gob.ve\/index.php\/wp-json\/wp\/v2\/posts\/23597","targetHints":{"allow":["GET"]}}],"collection":[{"href":"https:\/\/prensapresidencialvenezuela.gob.ve\/index.php\/wp-json\/wp\/v2\/posts"}],"about":[{"href":"https:\/\/prensapresidencialvenezuela.gob.ve\/index.php\/wp-json\/wp\/v2\/types\/post"}],"author":[{"embeddable":true,"href":"https:\/\/prensapresidencialvenezuela.gob.ve\/index.php\/wp-json\/wp\/v2\/users\/1"}],"replies":[{"embeddable":true,"href":"https:\/\/prensapresidencialvenezuela.gob.ve\/index.php\/wp-json\/wp\/v2\/comments?post=23597"}],"version-history":[{"count":2,"href":"https:\/\/prensapresidencialvenezuela.gob.ve\/index.php\/wp-json\/wp\/v2\/posts\/23597\/revisions"}],"predecessor-version":[{"id":23606,"href":"https:\/\/prensapresidencialvenezuela.gob.ve\/index.php\/wp-json\/wp\/v2\/posts\/23597\/revisions\/23606"}],"wp:featuredmedia":[{"embeddable":true,"href":"https:\/\/prensapresidencialvenezuela.gob.ve\/index.php\/wp-json\/wp\/v2\/media\/23598"}],"wp:attachment":[{"href":"https:\/\/prensapresidencialvenezuela.gob.ve\/index.php\/wp-json\/wp\/v2\/media?parent=23597"}],"wp:term":[{"taxonomy":"category","embeddable":true,"href":"https:\/\/prensapresidencialvenezuela.gob.ve\/index.php\/wp-json\/wp\/v2\/categories?post=23597"},{"taxonomy":"post_tag","embeddable":true,"href":"https:\/\/prensapresidencialvenezuela.gob.ve\/index.php\/wp-json\/wp\/v2\/tags?post=23597"}],"curies":[{"name":"wp","href":"https:\/\/api.w.org\/{rel}","templated":true}]}}